{"id":3069,"date":"2015-01-01T10:53:01","date_gmt":"2015-01-01T09:53:01","guid":{"rendered":"https:\/\/www.aikido-ffab-ra.org\/?p=3069"},"modified":"2021-06-23T10:54:41","modified_gmt":"2021-06-23T08:54:41","slug":"2015-01-stage-enseignants","status":"publish","type":"post","link":"https:\/\/www.aikido-ffab-ra.org\/?p=3069","title":{"rendered":"2015-01 Stage Enseignants"},"content":{"rendered":"<div class='photonic-wp-stream photonic-stream ' id='photonic-wp-stream-1'>\n\n\t<div id='photonic-wp-stream-1-container' class='title-display-none photonic-level-1-container sizes-present photonic-random-layout photonic-thumbnail-effect-none' data-photonic-platform=\"wp\" data-photonic-gallery-columns=\"auto\" data-photonic-query=\"order=ASC&amp;orderby=post__in&amp;id=3069&amp;itemtag=figure&amp;icontag=div&amp;captiontag=figcaption&amp;size=thumbnail&amp;include=3071,3072,3073,3074,3075,3076,3077,3078,3079,3080,3081,3082,3083&amp;exclude=&amp;link=&amp;offset=0&amp;layout=random&amp;custom_classes=&amp;alignment=&amp;caption=title&amp;page=1&amp;count=-1&amp;thumb_size=thumbnail&amp;slide_size=large&amp;type=default&amp;style=random&amp;display=local&amp;ids=3071,3072,3073,3074,3075,3076,3077,3078,3079,3080,3081,3082,3083&amp;main_size=full&amp;tile_size=full&amp;columns=auto\" style='--tile-min-height: 300px'>\n\t\t<figure class='photonic-level-1 photonic-thumb' style='--dw: 1200;--dh: 800'>\n\t\t\t<a href='https:\/\/www.aikido-ffab-ra.org\/wp-content\/uploads\/actualites\/les-reportages-du-cilab\/2015-01-stage-enseignants\/Stage-Aikido-Lyonnais-2015-01-Enseignants-01.jpg' title='' rel='lightbox-photonic-wp-stream-1' class='photonic-lb photonic-glightbox glightbox' data-photonic-media-type=\"image\" data-type=\"image\" data-photonic-deep=\"gallery[photonic-wp-stream-1]\/3071\/\" data-title=\"&lt;a href=&#039;https:\/\/www.aikido-ffab-ra.org\/?attachment_id=3071&#039; &gt;Stage-Aikido-Lyonnais-2015-01-Enseignants-01&lt;\/a&gt;\">\n\t\t\t\t<img alt='Stage-Aikido-Lyonnais-2015-01-Enseignants-01' class='random' data-src='https:\/\/www.aikido-ffab-ra.org\/wp-content\/uploads\/actualites\/les-reportages-du-cilab\/2015-01-stage-enseignants\/Stage-Aikido-Lyonnais-2015-01-Enseignants-01.jpg' loading='lazy' width='1200' height='800' \/>\n\t\t\t<\/a>\n\t\t<\/figure>\n\t\t<figure class='photonic-level-1 photonic-thumb' style='--dw: 800;--dh: 800'>\n\t\t\t<a href='https:\/\/www.aikido-ffab-ra.org\/wp-content\/uploads\/actualites\/les-reportages-du-cilab\/2015-01-stage-enseignants\/Stage-Aikido-Lyonnais-2015-01-Enseignants-02.jpg' title='' rel='lightbox-photonic-wp-stream-1' class='photonic-lb photonic-glightbox glightbox' data-photonic-media-type=\"image\" data-type=\"image\" data-photonic-deep=\"gallery[photonic-wp-stream-1]\/3072\/\" data-title=\"&lt;a href=&#039;https:\/\/www.aikido-ffab-ra.org\/?attachment_id=3072&#039; &gt;Stage-Aikido-Lyonnais-2015-01-Enseignants-02&lt;\/a&gt;\">\n\t\t\t\t<img alt='Stage-Aikido-Lyonnais-2015-01-Enseignants-02' class='random' data-src='https:\/\/www.aikido-ffab-ra.org\/wp-content\/uploads\/actualites\/les-reportages-du-cilab\/2015-01-stage-enseignants\/Stage-Aikido-Lyonnais-2015-01-Enseignants-02.jpg' loading='lazy' width='800' height='800' \/>\n\t\t\t<\/a>\n\t\t<\/figure>\n\t\t<figure class='photonic-level-1 photonic-thumb' style='--dw: 1200;--dh: 800'>\n\t\t\t<a href='https:\/\/www.aikido-ffab-ra.org\/wp-content\/uploads\/actualites\/les-reportages-du-cilab\/2015-01-stage-enseignants\/Stage-Aikido-Lyonnais-2015-01-Enseignants-03.jpg' title='' rel='lightbox-photonic-wp-stream-1' class='photonic-lb photonic-glightbox glightbox' data-photonic-media-type=\"image\" data-type=\"image\" data-photonic-deep=\"gallery[photonic-wp-stream-1]\/3073\/\" data-title=\"&lt;a href=&#039;https:\/\/www.aikido-ffab-ra.org\/?attachment_id=3073&#039; &gt;Stage-Aikido-Lyonnais-2015-01-Enseignants-03&lt;\/a&gt;\">\n\t\t\t\t<img alt='Stage-Aikido-Lyonnais-2015-01-Enseignants-03' class='random' data-src='https:\/\/www.aikido-ffab-ra.org\/wp-content\/uploads\/actualites\/les-reportages-du-cilab\/2015-01-stage-enseignants\/Stage-Aikido-Lyonnais-2015-01-Enseignants-03.jpg' loading='lazy' width='1200' height='800' \/>\n\t\t\t<\/a>\n\t\t<\/figure>\n\t\t<figure class='photonic-level-1 photonic-thumb' style='--dw: 800;--dh: 800'>\n\t\t\t<a href='https:\/\/www.aikido-ffab-ra.org\/wp-content\/uploads\/actualites\/les-reportages-du-cilab\/2015-01-stage-enseignants\/Stage-Aikido-Lyonnais-2015-01-Enseignants-04.jpg' title='' rel='lightbox-photonic-wp-stream-1' class='photonic-lb photonic-glightbox glightbox' data-photonic-media-type=\"image\" data-type=\"image\" data-photonic-deep=\"gallery[photonic-wp-stream-1]\/3074\/\" data-title=\"&lt;a href=&#039;https:\/\/www.aikido-ffab-ra.org\/?attachment_id=3074&#039; &gt;Stage-Aikido-Lyonnais-2015-01-Enseignants-04&lt;\/a&gt;\">\n\t\t\t\t<img alt='Stage-Aikido-Lyonnais-2015-01-Enseignants-04' class='random' data-src='https:\/\/www.aikido-ffab-ra.org\/wp-content\/uploads\/actualites\/les-reportages-du-cilab\/2015-01-stage-enseignants\/Stage-Aikido-Lyonnais-2015-01-Enseignants-04.jpg' loading='lazy' width='800' height='800' \/>\n\t\t\t<\/a>\n\t\t<\/figure>\n\t\t<figure class='photonic-level-1 photonic-thumb' style='--dw: 800;--dh: 800'>\n\t\t\t<a href='https:\/\/www.aikido-ffab-ra.org\/wp-content\/uploads\/actualites\/les-reportages-du-cilab\/2015-01-stage-enseignants\/Stage-Aikido-Lyonnais-2015-01-Enseignants-05.jpg' title='' rel='lightbox-photonic-wp-stream-1' class='photonic-lb photonic-glightbox glightbox' data-photonic-media-type=\"image\" data-type=\"image\" data-photonic-deep=\"gallery[photonic-wp-stream-1]\/3075\/\" data-title=\"&lt;a href=&#039;https:\/\/www.aikido-ffab-ra.org\/?attachment_id=3075&#039; &gt;Stage-Aikido-Lyonnais-2015-01-Enseignants-05&lt;\/a&gt;\">\n\t\t\t\t<img alt='Stage-Aikido-Lyonnais-2015-01-Enseignants-05' class='random' data-src='https:\/\/www.aikido-ffab-ra.org\/wp-content\/uploads\/actualites\/les-reportages-du-cilab\/2015-01-stage-enseignants\/Stage-Aikido-Lyonnais-2015-01-Enseignants-05.jpg' loading='lazy' width='800' height='800' \/>\n\t\t\t<\/a>\n\t\t<\/figure>\n\t\t<figure class='photonic-level-1 photonic-thumb' style='--dw: 1200;--dh: 800'>\n\t\t\t<a href='https:\/\/www.aikido-ffab-ra.org\/wp-content\/uploads\/actualites\/les-reportages-du-cilab\/2015-01-stage-enseignants\/Stage-Aikido-Lyonnais-2015-01-Enseignants-06.jpg' title='' rel='lightbox-photonic-wp-stream-1' class='photonic-lb photonic-glightbox glightbox' data-photonic-media-type=\"image\" data-type=\"image\" data-photonic-deep=\"gallery[photonic-wp-stream-1]\/3076\/\" data-title=\"&lt;a href=&#039;https:\/\/www.aikido-ffab-ra.org\/?attachment_id=3076&#039; &gt;Stage-Aikido-Lyonnais-2015-01-Enseignants-06&lt;\/a&gt;\">\n\t\t\t\t<img alt='Stage-Aikido-Lyonnais-2015-01-Enseignants-06' class='random' data-src='https:\/\/www.aikido-ffab-ra.org\/wp-content\/uploads\/actualites\/les-reportages-du-cilab\/2015-01-stage-enseignants\/Stage-Aikido-Lyonnais-2015-01-Enseignants-06.jpg' loading='lazy' width='1200' height='800' \/>\n\t\t\t<\/a>\n\t\t<\/figure>\n\t\t<figure class='photonic-level-1 photonic-thumb' style='--dw: 800;--dh: 800'>\n\t\t\t<a href='https:\/\/www.aikido-ffab-ra.org\/wp-content\/uploads\/actualites\/les-reportages-du-cilab\/2015-01-stage-enseignants\/Stage-Aikido-Lyonnais-2015-01-Enseignants-07.jpg' title='' rel='lightbox-photonic-wp-stream-1' class='photonic-lb photonic-glightbox glightbox' data-photonic-media-type=\"image\" data-type=\"image\" data-photonic-deep=\"gallery[photonic-wp-stream-1]\/3077\/\" data-title=\"&lt;a href=&#039;https:\/\/www.aikido-ffab-ra.org\/?attachment_id=3077&#039; &gt;Stage-Aikido-Lyonnais-2015-01-Enseignants-07&lt;\/a&gt;\">\n\t\t\t\t<img alt='Stage-Aikido-Lyonnais-2015-01-Enseignants-07' class='random' data-src='https:\/\/www.aikido-ffab-ra.org\/wp-content\/uploads\/actualites\/les-reportages-du-cilab\/2015-01-stage-enseignants\/Stage-Aikido-Lyonnais-2015-01-Enseignants-07.jpg' loading='lazy' width='800' height='800' \/>\n\t\t\t<\/a>\n\t\t<\/figure>\n\t\t<figure class='photonic-level-1 photonic-thumb' style='--dw: 1200;--dh: 800'>\n\t\t\t<a href='https:\/\/www.aikido-ffab-ra.org\/wp-content\/uploads\/actualites\/les-reportages-du-cilab\/2015-01-stage-enseignants\/Stage-Aikido-Lyonnais-2015-01-Enseignants-08.jpg' title='' rel='lightbox-photonic-wp-stream-1' class='photonic-lb photonic-glightbox glightbox' data-photonic-media-type=\"image\" data-type=\"image\" data-photonic-deep=\"gallery[photonic-wp-stream-1]\/3078\/\" data-title=\"&lt;a href=&#039;https:\/\/www.aikido-ffab-ra.org\/?attachment_id=3078&#039; &gt;Stage-Aikido-Lyonnais-2015-01-Enseignants-08&lt;\/a&gt;\">\n\t\t\t\t<img alt='Stage-Aikido-Lyonnais-2015-01-Enseignants-08' class='random' data-src='https:\/\/www.aikido-ffab-ra.org\/wp-content\/uploads\/actualites\/les-reportages-du-cilab\/2015-01-stage-enseignants\/Stage-Aikido-Lyonnais-2015-01-Enseignants-08.jpg' loading='lazy' width='1200' height='800' \/>\n\t\t\t<\/a>\n\t\t<\/figure>\n\t\t<figure class='photonic-level-1 photonic-thumb' style='--dw: 800;--dh: 800'>\n\t\t\t<a href='https:\/\/www.aikido-ffab-ra.org\/wp-content\/uploads\/actualites\/les-reportages-du-cilab\/2015-01-stage-enseignants\/Stage-Aikido-Lyonnais-2015-01-Enseignants-09.jpg' title='' rel='lightbox-photonic-wp-stream-1' class='photonic-lb photonic-glightbox glightbox' data-photonic-media-type=\"image\" data-type=\"image\" data-photonic-deep=\"gallery[photonic-wp-stream-1]\/3079\/\" data-title=\"&lt;a href=&#039;https:\/\/www.aikido-ffab-ra.org\/?attachment_id=3079&#039; &gt;Stage-Aikido-Lyonnais-2015-01-Enseignants-09&lt;\/a&gt;\">\n\t\t\t\t<img alt='Stage-Aikido-Lyonnais-2015-01-Enseignants-09' class='random' data-src='https:\/\/www.aikido-ffab-ra.org\/wp-content\/uploads\/actualites\/les-reportages-du-cilab\/2015-01-stage-enseignants\/Stage-Aikido-Lyonnais-2015-01-Enseignants-09.jpg' loading='lazy' width='800' height='800' \/>\n\t\t\t<\/a>\n\t\t<\/figure>\n\t\t<figure class='photonic-level-1 photonic-thumb' style='--dw: 1200;--dh: 800'>\n\t\t\t<a href='https:\/\/www.aikido-ffab-ra.org\/wp-content\/uploads\/actualites\/les-reportages-du-cilab\/2015-01-stage-enseignants\/Stage-Aikido-Lyonnais-2015-01-Enseignants-10.jpg' title='' rel='lightbox-photonic-wp-stream-1' class='photonic-lb photonic-glightbox glightbox' data-photonic-media-type=\"image\" data-type=\"image\" data-photonic-deep=\"gallery[photonic-wp-stream-1]\/3080\/\" data-title=\"&lt;a href=&#039;https:\/\/www.aikido-ffab-ra.org\/?attachment_id=3080&#039; &gt;Stage-Aikido-Lyonnais-2015-01-Enseignants-10&lt;\/a&gt;\">\n\t\t\t\t<img alt='Stage-Aikido-Lyonnais-2015-01-Enseignants-10' class='random' data-src='https:\/\/www.aikido-ffab-ra.org\/wp-content\/uploads\/actualites\/les-reportages-du-cilab\/2015-01-stage-enseignants\/Stage-Aikido-Lyonnais-2015-01-Enseignants-10.jpg' loading='lazy' width='1200' height='800' \/>\n\t\t\t<\/a>\n\t\t<\/figure>\n\t\t<figure class='photonic-level-1 photonic-thumb' style='--dw: 1200;--dh: 800'>\n\t\t\t<a href='https:\/\/www.aikido-ffab-ra.org\/wp-content\/uploads\/actualites\/les-reportages-du-cilab\/2015-01-stage-enseignants\/Stage-Aikido-Lyonnais-2015-01-Enseignants-11.jpg' title='' rel='lightbox-photonic-wp-stream-1' class='photonic-lb photonic-glightbox glightbox' data-photonic-media-type=\"image\" data-type=\"image\" data-photonic-deep=\"gallery[photonic-wp-stream-1]\/3081\/\" data-title=\"&lt;a href=&#039;https:\/\/www.aikido-ffab-ra.org\/?attachment_id=3081&#039; &gt;Stage-Aikido-Lyonnais-2015-01-Enseignants-11&lt;\/a&gt;\">\n\t\t\t\t<img alt='Stage-Aikido-Lyonnais-2015-01-Enseignants-11' class='random' data-src='https:\/\/www.aikido-ffab-ra.org\/wp-content\/uploads\/actualites\/les-reportages-du-cilab\/2015-01-stage-enseignants\/Stage-Aikido-Lyonnais-2015-01-Enseignants-11.jpg' loading='lazy' width='1200' height='800' \/>\n\t\t\t<\/a>\n\t\t<\/figure>\n\t\t<figure class='photonic-level-1 photonic-thumb' style='--dw: 1200;--dh: 800'>\n\t\t\t<a href='https:\/\/www.aikido-ffab-ra.org\/wp-content\/uploads\/actualites\/les-reportages-du-cilab\/2015-01-stage-enseignants\/Stage-Aikido-Lyonnais-2015-01-Enseignants-12.jpg' title='' rel='lightbox-photonic-wp-stream-1' class='photonic-lb photonic-glightbox glightbox' data-photonic-media-type=\"image\" data-type=\"image\" data-photonic-deep=\"gallery[photonic-wp-stream-1]\/3082\/\" data-title=\"&lt;a href=&#039;https:\/\/www.aikido-ffab-ra.org\/?attachment_id=3082&#039; &gt;Stage-Aikido-Lyonnais-2015-01-Enseignants-12&lt;\/a&gt;\">\n\t\t\t\t<img alt='Stage-Aikido-Lyonnais-2015-01-Enseignants-12' class='random' data-src='https:\/\/www.aikido-ffab-ra.org\/wp-content\/uploads\/actualites\/les-reportages-du-cilab\/2015-01-stage-enseignants\/Stage-Aikido-Lyonnais-2015-01-Enseignants-12.jpg' loading='lazy' width='1200' height='800' \/>\n\t\t\t<\/a>\n\t\t<\/figure>\n\t\t<figure class='photonic-level-1 photonic-thumb' style='--dw: 800;--dh: 800'>\n\t\t\t<a href='https:\/\/www.aikido-ffab-ra.org\/wp-content\/uploads\/actualites\/les-reportages-du-cilab\/2015-01-stage-enseignants\/Stage-Aikido-Lyonnais-2015-01-Enseignants-13.jpg' title='' rel='lightbox-photonic-wp-stream-1' class='photonic-lb photonic-glightbox glightbox' data-photonic-media-type=\"image\" data-type=\"image\" data-photonic-deep=\"gallery[photonic-wp-stream-1]\/3083\/\" data-title=\"&lt;a href=&#039;https:\/\/www.aikido-ffab-ra.org\/?attachment_id=3083&#039; &gt;Stage-Aikido-Lyonnais-2015-01-Enseignants-13&lt;\/a&gt;\">\n\t\t\t\t<img alt='Stage-Aikido-Lyonnais-2015-01-Enseignants-13' class='random' data-src='https:\/\/www.aikido-ffab-ra.org\/wp-content\/uploads\/actualites\/les-reportages-du-cilab\/2015-01-stage-enseignants\/Stage-Aikido-Lyonnais-2015-01-Enseignants-13.jpg' loading='lazy' width='800' height='800' \/>\n\t\t\t<\/a>\n\t\t<\/figure>\n\n\t<\/div> <!-- .\/photonic-level-1-container -->\n\t<span id='photonic-wp-stream-1-container-end'><\/span>\n<\/div><!-- .photonic-stream or .photonic-panel -->\n\n","protected":false},"excerpt":{"rendered":"","protected":false},"author":3,"featured_media":3083,"comment_status":"open","ping_status":"open","sticky":false,"template":"","format":"standard","meta":{"footnotes":""},"categories":[32],"tags":[],"class_list":["post-3069","post","type-post","status-publish","format-standard","has-post-thumbnail","hentry","category-les-reportages-du-cilab","entry","has-media"],"yoast_head":"<!-- This site is optimized with the Yoast SEO plugin v19.7.1 - https:\/\/yoast.com\/wordpress\/plugins\/seo\/ -->\n<title>2015-01 Stage Enseignants - CILAB<\/title>\n<meta name=\"robots\" content=\"index, follow, max-snippet:-1, max-image-preview:large, max-video-preview:-1\" \/>\n<link rel=\"canonical\" href=\"https:\/\/www.aikido-ffab-ra.org\/?p=3069\" \/>\n<meta property=\"og:locale\" content=\"fr_FR\" \/>\n<meta property=\"og:type\" content=\"article\" \/>\n<meta property=\"og:title\" content=\"2015-01 Stage Enseignants - CILAB\" \/>\n<meta property=\"og:url\" content=\"https:\/\/www.aikido-ffab-ra.org\/?p=3069\" \/>\n<meta property=\"og:site_name\" content=\"CILAB\" \/>\n<meta property=\"article:publisher\" content=\"https:\/\/www.facebook.com\/aikido.cilab.7\" \/>\n<meta property=\"article:published_time\" content=\"2015-01-01T09:53:01+00:00\" \/>\n<meta property=\"article:modified_time\" content=\"2021-06-23T08:54:41+00:00\" \/>\n<meta property=\"og:image\" content=\"https:\/\/www.aikido-ffab-ra.org\/wp-content\/uploads\/actualites\/les-reportages-du-cilab\/2015-01-stage-enseignants\/Stage-Aikido-Lyonnais-2015-01-Enseignants-13.jpg\" \/>\n\t<meta property=\"og:image:width\" content=\"800\" \/>\n\t<meta property=\"og:image:height\" content=\"800\" \/>\n\t<meta property=\"og:image:type\" content=\"image\/jpeg\" \/>\n<meta name=\"author\" content=\"CILAB FFAB\" \/>\n<meta name=\"twitter:card\" content=\"summary_large_image\" \/>\n<meta name=\"twitter:label1\" content=\"\u00c9crit par\" \/>\n\t<meta name=\"twitter:data1\" content=\"CILAB FFAB\" \/>\n\t<meta name=\"twitter:label2\" content=\"Dur\u00e9e de lecture estim\u00e9e\" \/>\n\t<meta name=\"twitter:data2\" content=\"1 minute\" \/>\n<script type=\"application\/ld+json\" class=\"yoast-schema-graph\">{\"@context\":\"https:\/\/schema.org\",\"@graph\":[{\"@type\":\"Article\",\"@id\":\"https:\/\/www.aikido-ffab-ra.org\/?p=3069#article\",\"isPartOf\":{\"@id\":\"https:\/\/www.aikido-ffab-ra.org\/?p=3069\"},\"author\":{\"name\":\"CILAB FFAB\",\"@id\":\"https:\/\/www.aikido-ffab-ra.org\/#\/schema\/person\/2e632fb129db4dc790a8f2ee37bfda73\"},\"headline\":\"2015-01 Stage Enseignants\",\"datePublished\":\"2015-01-01T09:53:01+00:00\",\"dateModified\":\"2021-06-23T08:54:41+00:00\",\"mainEntityOfPage\":{\"@id\":\"https:\/\/www.aikido-ffab-ra.org\/?p=3069\"},\"wordCount\":15,\"commentCount\":0,\"publisher\":{\"@id\":\"https:\/\/www.aikido-ffab-ra.org\/#organization\"},\"articleSection\":[\"Les Reportages du CILAB\"],\"inLanguage\":\"fr-FR\",\"potentialAction\":[{\"@type\":\"CommentAction\",\"name\":\"Comment\",\"target\":[\"https:\/\/www.aikido-ffab-ra.org\/?p=3069#respond\"]}]},{\"@type\":\"WebPage\",\"@id\":\"https:\/\/www.aikido-ffab-ra.org\/?p=3069\",\"url\":\"https:\/\/www.aikido-ffab-ra.org\/?p=3069\",\"name\":\"2015-01 Stage Enseignants - CILAB\",\"isPartOf\":{\"@id\":\"https:\/\/www.aikido-ffab-ra.org\/#website\"},\"datePublished\":\"2015-01-01T09:53:01+00:00\",\"dateModified\":\"2021-06-23T08:54:41+00:00\",\"breadcrumb\":{\"@id\":\"https:\/\/www.aikido-ffab-ra.org\/?p=3069#breadcrumb\"},\"inLanguage\":\"fr-FR\",\"potentialAction\":[{\"@type\":\"ReadAction\",\"target\":[\"https:\/\/www.aikido-ffab-ra.org\/?p=3069\"]}]},{\"@type\":\"BreadcrumbList\",\"@id\":\"https:\/\/www.aikido-ffab-ra.org\/?p=3069#breadcrumb\",\"itemListElement\":[{\"@type\":\"ListItem\",\"position\":1,\"name\":\"Accueil\",\"item\":\"https:\/\/www.aikido-ffab-ra.org\/\"},{\"@type\":\"ListItem\",\"position\":2,\"name\":\"Actualit\u00e9s\",\"item\":\"https:\/\/www.aikido-ffab-ra.org\/?cat=21\"},{\"@type\":\"ListItem\",\"position\":3,\"name\":\"Les Reportages du CILAB\",\"item\":\"https:\/\/www.aikido-ffab-ra.org\/?cat=32\"},{\"@type\":\"ListItem\",\"position\":4,\"name\":\"2015-01 Stage Enseignants\"}]},{\"@type\":\"WebSite\",\"@id\":\"https:\/\/www.aikido-ffab-ra.org\/#website\",\"url\":\"https:\/\/www.aikido-ffab-ra.org\/\",\"name\":\"CILAB\",\"description\":\"\",\"publisher\":{\"@id\":\"https:\/\/www.aikido-ffab-ra.org\/#organization\"},\"potentialAction\":[{\"@type\":\"SearchAction\",\"target\":{\"@type\":\"EntryPoint\",\"urlTemplate\":\"https:\/\/www.aikido-ffab-ra.org\/?s={search_term_string}\"},\"query-input\":\"required name=search_term_string\"}],\"inLanguage\":\"fr-FR\"},{\"@type\":\"Organization\",\"@id\":\"https:\/\/www.aikido-ffab-ra.org\/#organization\",\"name\":\"CILAB\",\"url\":\"https:\/\/www.aikido-ffab-ra.org\/\",\"sameAs\":[\"https:\/\/www.instagram.com\/cilab.aikido\/\",\"https:\/\/www.youtube.com\/channel\/UCt35Eapug9SYepppTidRLbA?app=desktop\",\"https:\/\/www.facebook.com\/aikido.cilab.7\"],\"logo\":{\"@type\":\"ImageObject\",\"inLanguage\":\"fr-FR\",\"@id\":\"https:\/\/www.aikido-ffab-ra.org\/#\/schema\/logo\/image\/\",\"url\":\"https:\/\/www.aikido-ffab-ra.org\/wp-content\/uploads\/2021\/03\/Logo-cilab.png\",\"contentUrl\":\"https:\/\/www.aikido-ffab-ra.org\/wp-content\/uploads\/2021\/03\/Logo-cilab.png\",\"width\":99,\"height\":100,\"caption\":\"CILAB\"},\"image\":{\"@id\":\"https:\/\/www.aikido-ffab-ra.org\/#\/schema\/logo\/image\/\"}},{\"@type\":\"Person\",\"@id\":\"https:\/\/www.aikido-ffab-ra.org\/#\/schema\/person\/2e632fb129db4dc790a8f2ee37bfda73\",\"name\":\"CILAB FFAB\",\"image\":{\"@type\":\"ImageObject\",\"inLanguage\":\"fr-FR\",\"@id\":\"https:\/\/www.aikido-ffab-ra.org\/#\/schema\/person\/image\/\",\"url\":\"https:\/\/secure.gravatar.com\/avatar\/4819e8da7a8cec51602dd58961a959bccd8ee02ef786afeae67e12aa2acf36e8?s=96&d=mm&r=g\",\"contentUrl\":\"https:\/\/secure.gravatar.com\/avatar\/4819e8da7a8cec51602dd58961a959bccd8ee02ef786afeae67e12aa2acf36e8?s=96&d=mm&r=g\",\"caption\":\"CILAB FFAB\"}}]}<\/script>\n<!-- \/ Yoast SEO plugin. -->","yoast_head_json":{"title":"2015-01 Stage Enseignants - CILAB","robots":{"index":"index","follow":"follow","max-snippet":"max-snippet:-1","max-image-preview":"max-image-preview:large","max-video-preview":"max-video-preview:-1"},"canonical":"https:\/\/www.aikido-ffab-ra.org\/?p=3069","og_locale":"fr_FR","og_type":"article","og_title":"2015-01 Stage Enseignants - CILAB","og_url":"https:\/\/www.aikido-ffab-ra.org\/?p=3069","og_site_name":"CILAB","article_publisher":"https:\/\/www.facebook.com\/aikido.cilab.7","article_published_time":"2015-01-01T09:53:01+00:00","article_modified_time":"2021-06-23T08:54:41+00:00","og_image":[{"width":800,"height":800,"url":"https:\/\/www.aikido-ffab-ra.org\/wp-content\/uploads\/actualites\/les-reportages-du-cilab\/2015-01-stage-enseignants\/Stage-Aikido-Lyonnais-2015-01-Enseignants-13.jpg","type":"image\/jpeg"}],"author":"CILAB FFAB","twitter_card":"summary_large_image","twitter_misc":{"\u00c9crit par":"CILAB FFAB","Dur\u00e9e de lecture estim\u00e9e":"1 minute"},"schema":{"@context":"https:\/\/schema.org","@graph":[{"@type":"Article","@id":"https:\/\/www.aikido-ffab-ra.org\/?p=3069#article","isPartOf":{"@id":"https:\/\/www.aikido-ffab-ra.org\/?p=3069"},"author":{"name":"CILAB FFAB","@id":"https:\/\/www.aikido-ffab-ra.org\/#\/schema\/person\/2e632fb129db4dc790a8f2ee37bfda73"},"headline":"2015-01 Stage Enseignants","datePublished":"2015-01-01T09:53:01+00:00","dateModified":"2021-06-23T08:54:41+00:00","mainEntityOfPage":{"@id":"https:\/\/www.aikido-ffab-ra.org\/?p=3069"},"wordCount":15,"commentCount":0,"publisher":{"@id":"https:\/\/www.aikido-ffab-ra.org\/#organization"},"articleSection":["Les Reportages du CILAB"],"inLanguage":"fr-FR","potentialAction":[{"@type":"CommentAction","name":"Comment","target":["https:\/\/www.aikido-ffab-ra.org\/?p=3069#respond"]}]},{"@type":"WebPage","@id":"https:\/\/www.aikido-ffab-ra.org\/?p=3069","url":"https:\/\/www.aikido-ffab-ra.org\/?p=3069","name":"2015-01 Stage Enseignants - CILAB","isPartOf":{"@id":"https:\/\/www.aikido-ffab-ra.org\/#website"},"datePublished":"2015-01-01T09:53:01+00:00","dateModified":"2021-06-23T08:54:41+00:00","breadcrumb":{"@id":"https:\/\/www.aikido-ffab-ra.org\/?p=3069#breadcrumb"},"inLanguage":"fr-FR","potentialAction":[{"@type":"ReadAction","target":["https:\/\/www.aikido-ffab-ra.org\/?p=3069"]}]},{"@type":"BreadcrumbList","@id":"https:\/\/www.aikido-ffab-ra.org\/?p=3069#breadcrumb","itemListElement":[{"@type":"ListItem","position":1,"name":"Accueil","item":"https:\/\/www.aikido-ffab-ra.org\/"},{"@type":"ListItem","position":2,"name":"Actualit\u00e9s","item":"https:\/\/www.aikido-ffab-ra.org\/?cat=21"},{"@type":"ListItem","position":3,"name":"Les Reportages du CILAB","item":"https:\/\/www.aikido-ffab-ra.org\/?cat=32"},{"@type":"ListItem","position":4,"name":"2015-01 Stage Enseignants"}]},{"@type":"WebSite","@id":"https:\/\/www.aikido-ffab-ra.org\/#website","url":"https:\/\/www.aikido-ffab-ra.org\/","name":"CILAB","description":"","publisher":{"@id":"https:\/\/www.aikido-ffab-ra.org\/#organization"},"potentialAction":[{"@type":"SearchAction","target":{"@type":"EntryPoint","urlTemplate":"https:\/\/www.aikido-ffab-ra.org\/?s={search_term_string}"},"query-input":"required name=search_term_string"}],"inLanguage":"fr-FR"},{"@type":"Organization","@id":"https:\/\/www.aikido-ffab-ra.org\/#organization","name":"CILAB","url":"https:\/\/www.aikido-ffab-ra.org\/","sameAs":["https:\/\/www.instagram.com\/cilab.aikido\/","https:\/\/www.youtube.com\/channel\/UCt35Eapug9SYepppTidRLbA?app=desktop","https:\/\/www.facebook.com\/aikido.cilab.7"],"logo":{"@type":"ImageObject","inLanguage":"fr-FR","@id":"https:\/\/www.aikido-ffab-ra.org\/#\/schema\/logo\/image\/","url":"https:\/\/www.aikido-ffab-ra.org\/wp-content\/uploads\/2021\/03\/Logo-cilab.png","contentUrl":"https:\/\/www.aikido-ffab-ra.org\/wp-content\/uploads\/2021\/03\/Logo-cilab.png","width":99,"height":100,"caption":"CILAB"},"image":{"@id":"https:\/\/www.aikido-ffab-ra.org\/#\/schema\/logo\/image\/"}},{"@type":"Person","@id":"https:\/\/www.aikido-ffab-ra.org\/#\/schema\/person\/2e632fb129db4dc790a8f2ee37bfda73","name":"CILAB FFAB","image":{"@type":"ImageObject","inLanguage":"fr-FR","@id":"https:\/\/www.aikido-ffab-ra.org\/#\/schema\/person\/image\/","url":"https:\/\/secure.gravatar.com\/avatar\/4819e8da7a8cec51602dd58961a959bccd8ee02ef786afeae67e12aa2acf36e8?s=96&d=mm&r=g","contentUrl":"https:\/\/secure.gravatar.com\/avatar\/4819e8da7a8cec51602dd58961a959bccd8ee02ef786afeae67e12aa2acf36e8?s=96&d=mm&r=g","caption":"CILAB FFAB"}}]}},"_links":{"self":[{"href":"https:\/\/www.aikido-ffab-ra.org\/index.php?rest_route=\/wp\/v2\/posts\/3069","targetHints":{"allow":["GET"]}}],"collection":[{"href":"https:\/\/www.aikido-ffab-ra.org\/index.php?rest_route=\/wp\/v2\/posts"}],"about":[{"href":"https:\/\/www.aikido-ffab-ra.org\/index.php?rest_route=\/wp\/v2\/types\/post"}],"author":[{"embeddable":true,"href":"https:\/\/www.aikido-ffab-ra.org\/index.php?rest_route=\/wp\/v2\/users\/3"}],"replies":[{"embeddable":true,"href":"https:\/\/www.aikido-ffab-ra.org\/index.php?rest_route=%2Fwp%2Fv2%2Fcomments&post=3069"}],"version-history":[{"count":2,"href":"https:\/\/www.aikido-ffab-ra.org\/index.php?rest_route=\/wp\/v2\/posts\/3069\/revisions"}],"predecessor-version":[{"id":3084,"href":"https:\/\/www.aikido-ffab-ra.org\/index.php?rest_route=\/wp\/v2\/posts\/3069\/revisions\/3084"}],"wp:featuredmedia":[{"embeddable":true,"href":"https:\/\/www.aikido-ffab-ra.org\/index.php?rest_route=\/wp\/v2\/media\/3083"}],"wp:attachment":[{"href":"https:\/\/www.aikido-ffab-ra.org\/index.php?rest_route=%2Fwp%2Fv2%2Fmedia&parent=3069"}],"wp:term":[{"taxonomy":"category","embeddable":true,"href":"https:\/\/www.aikido-ffab-ra.org\/index.php?rest_route=%2Fwp%2Fv2%2Fcategories&post=3069"},{"taxonomy":"post_tag","embeddable":true,"href":"https:\/\/www.aikido-ffab-ra.org\/index.php?rest_route=%2Fwp%2Fv2%2Ftags&post=3069"}],"curies":[{"name":"wp","href":"https:\/\/api.w.org\/{rel}","templated":true}]}}