{"id":3794,"date":"2022-09-02T08:00:00","date_gmt":"2022-09-02T06:00:00","guid":{"rendered":"https:\/\/www.aikido-ffab-ra.org\/?p=3794"},"modified":"2022-09-23T21:02:07","modified_gmt":"2022-09-23T19:02:07","slug":"stage-de-rentree-24-septembre-2022","status":"publish","type":"post","link":"https:\/\/www.aikido-ffab-ra.org\/?p=3794","title":{"rendered":"Stage de rentr\u00e9e 24 Septembre 2022"},"content":{"rendered":"<p>Pour cette rentr\u00e9e 2022-2023, \u00e0 la suite son assembl\u00e9e g\u00e9n\u00e9rale 2022, le CILAB organise un stage de rentr\u00e9e pour tous<\/p>\n<ul>\n<li><strong>Samedi 17 avril 2022<\/strong><\/li>\n<li>De 15h00 \u00e0 17h00<\/li>\n<li><a href=\"https:\/\/www.google.com\/maps\/place\/Club+d'A\u00efkido+d'Irigny\/@45.6917665,4.8248085,15z\/data=!4m2!3m1!1s0x0:0x3fc323054f95fd69?sa=X&amp;ved=2ahUKEwjZj5aPzKv6AhUXgP0HHc2hBKcQ_BJ6BAg4EAg\" target=\"_blank\" rel=\"noopener\">Au DOJO du club d&rsquo;Irigny 21 rue du stage 69540 IRIGNY<\/a><\/li>\n<li>Avec l&rsquo;\u00e9quipe technique du CILAB<\/li>\n<\/ul>\n<p>&nbsp;<\/p>\n<p><img loading=\"lazy\" decoding=\"async\" class=\"aligncenter size-full wp-image-3795\" src=\"https:\/\/www.aikido-ffab-ra.org\/wp-content\/uploads\/actualites\/stage-de-rentree-24-septembre-2022\/2022-09-24-STAGE-DE-RENTREE-Irigny.jpg\" alt=\"2022-09-24-STAGE-DE-RENTREE-Irigny\" width=\"700\" height=\"990\" srcset=\"https:\/\/www.aikido-ffab-ra.org\/wp-content\/uploads\/actualites\/stage-de-rentree-24-septembre-2022\/2022-09-24-STAGE-DE-RENTREE-Irigny.jpg 700w, https:\/\/www.aikido-ffab-ra.org\/wp-content\/uploads\/actualites\/stage-de-rentree-24-septembre-2022\/2022-09-24-STAGE-DE-RENTREE-Irigny-450x636.jpg 450w\" sizes=\"auto, (max-width: 700px) 100vw, 700px\" \/><\/p>\n","protected":false},"excerpt":{"rendered":"<p>Pour cette rentr\u00e9e 2022-2023, \u00e0 la suite son assembl\u00e9e g\u00e9n\u00e9rale 2022, le CILAB organise un stage de rentr\u00e9e pour tous Samedi 17 avril 2022 De 15h00 \u00e0 17h00 Au DOJO du club d&rsquo;Irigny 21 rue du stage 69540 IRIGNY Avec l&rsquo;\u00e9quipe technique du CILAB &nbsp;<\/p>\n","protected":false},"author":3,"featured_media":3795,"comment_status":"open","ping_status":"open","sticky":false,"template":"","format":"standard","meta":{"footnotes":""},"categories":[37],"tags":[],"class_list":["post-3794","post","type-post","status-publish","format-standard","has-post-thumbnail","hentry","category-stages","entry","has-media"],"yoast_head":"<!-- This site is optimized with the Yoast SEO plugin v19.7.1 - https:\/\/yoast.com\/wordpress\/plugins\/seo\/ -->\n<title>Stage de rentr\u00e9e 24 Septembre 2022 - CILAB<\/title>\n<meta name=\"description\" content=\"Pour cette rentr\u00e9e 2022-2023, \u00e0 la suite son assembl\u00e9e g\u00e9n\u00e9rale 2022, le CILAB organise un stage de rentr\u00e9e pour tous Samedi 17 avril 2022 De 15h00 \u00e0\" \/>\n<meta name=\"robots\" content=\"index, follow, max-snippet:-1, max-image-preview:large, max-video-preview:-1\" \/>\n<link rel=\"canonical\" href=\"https:\/\/www.aikido-ffab-ra.org\/?p=3794\" \/>\n<meta property=\"og:locale\" content=\"fr_FR\" \/>\n<meta property=\"og:type\" content=\"article\" \/>\n<meta property=\"og:title\" content=\"Stage de rentr\u00e9e 24 Septembre 2022 - CILAB\" \/>\n<meta property=\"og:description\" content=\"Pour cette rentr\u00e9e 2022-2023, \u00e0 la suite son assembl\u00e9e g\u00e9n\u00e9rale 2022, le CILAB organise un stage de rentr\u00e9e pour tous Samedi 17 avril 2022 De 15h00 \u00e0\" \/>\n<meta property=\"og:url\" content=\"https:\/\/www.aikido-ffab-ra.org\/?p=3794\" \/>\n<meta property=\"og:site_name\" content=\"CILAB\" \/>\n<meta property=\"article:publisher\" content=\"https:\/\/www.facebook.com\/aikido.cilab.7\" \/>\n<meta property=\"article:published_time\" content=\"2022-09-02T06:00:00+00:00\" \/>\n<meta property=\"article:modified_time\" content=\"2022-09-23T19:02:07+00:00\" \/>\n<meta property=\"og:image\" content=\"https:\/\/www.aikido-ffab-ra.org\/wp-content\/uploads\/actualites\/stage-de-rentree-24-septembre-2022\/2022-09-24-STAGE-DE-RENTREE-Irigny.jpg\" \/>\n\t<meta property=\"og:image:width\" content=\"700\" \/>\n\t<meta property=\"og:image:height\" content=\"990\" \/>\n\t<meta property=\"og:image:type\" content=\"image\/jpeg\" \/>\n<meta name=\"author\" content=\"CILAB FFAB\" \/>\n<meta name=\"twitter:card\" content=\"summary_large_image\" \/>\n<meta name=\"twitter:label1\" content=\"\u00c9crit par\" \/>\n\t<meta name=\"twitter:data1\" content=\"CILAB FFAB\" \/>\n\t<meta name=\"twitter:label2\" content=\"Dur\u00e9e de lecture estim\u00e9e\" \/>\n\t<meta name=\"twitter:data2\" content=\"1 minute\" \/>\n<script type=\"application\/ld+json\" class=\"yoast-schema-graph\">{\"@context\":\"https:\/\/schema.org\",\"@graph\":[{\"@type\":\"Article\",\"@id\":\"https:\/\/www.aikido-ffab-ra.org\/?p=3794#article\",\"isPartOf\":{\"@id\":\"https:\/\/www.aikido-ffab-ra.org\/?p=3794\"},\"author\":{\"name\":\"CILAB FFAB\",\"@id\":\"https:\/\/www.aikido-ffab-ra.org\/#\/schema\/person\/2e632fb129db4dc790a8f2ee37bfda73\"},\"headline\":\"Stage de rentr\u00e9e 24 Septembre 2022\",\"datePublished\":\"2022-09-02T06:00:00+00:00\",\"dateModified\":\"2022-09-23T19:02:07+00:00\",\"mainEntityOfPage\":{\"@id\":\"https:\/\/www.aikido-ffab-ra.org\/?p=3794\"},\"wordCount\":49,\"commentCount\":0,\"publisher\":{\"@id\":\"https:\/\/www.aikido-ffab-ra.org\/#organization\"},\"articleSection\":[\"Stages\"],\"inLanguage\":\"fr-FR\",\"potentialAction\":[{\"@type\":\"CommentAction\",\"name\":\"Comment\",\"target\":[\"https:\/\/www.aikido-ffab-ra.org\/?p=3794#respond\"]}]},{\"@type\":\"WebPage\",\"@id\":\"https:\/\/www.aikido-ffab-ra.org\/?p=3794\",\"url\":\"https:\/\/www.aikido-ffab-ra.org\/?p=3794\",\"name\":\"Stage de rentr\u00e9e 24 Septembre 2022 - CILAB\",\"isPartOf\":{\"@id\":\"https:\/\/www.aikido-ffab-ra.org\/#website\"},\"datePublished\":\"2022-09-02T06:00:00+00:00\",\"dateModified\":\"2022-09-23T19:02:07+00:00\",\"description\":\"Pour cette rentr\u00e9e 2022-2023, \u00e0 la suite son assembl\u00e9e g\u00e9n\u00e9rale 2022, le CILAB organise un stage de rentr\u00e9e pour tous Samedi 17 avril 2022 De 15h00 \u00e0\",\"breadcrumb\":{\"@id\":\"https:\/\/www.aikido-ffab-ra.org\/?p=3794#breadcrumb\"},\"inLanguage\":\"fr-FR\",\"potentialAction\":[{\"@type\":\"ReadAction\",\"target\":[\"https:\/\/www.aikido-ffab-ra.org\/?p=3794\"]}]},{\"@type\":\"BreadcrumbList\",\"@id\":\"https:\/\/www.aikido-ffab-ra.org\/?p=3794#breadcrumb\",\"itemListElement\":[{\"@type\":\"ListItem\",\"position\":1,\"name\":\"Accueil\",\"item\":\"https:\/\/www.aikido-ffab-ra.org\/\"},{\"@type\":\"ListItem\",\"position\":2,\"name\":\"Stages\",\"item\":\"https:\/\/www.aikido-ffab-ra.org\/?cat=37\"},{\"@type\":\"ListItem\",\"position\":3,\"name\":\"Stage de rentr\u00e9e 24 Septembre 2022\"}]},{\"@type\":\"WebSite\",\"@id\":\"https:\/\/www.aikido-ffab-ra.org\/#website\",\"url\":\"https:\/\/www.aikido-ffab-ra.org\/\",\"name\":\"CILAB\",\"description\":\"\",\"publisher\":{\"@id\":\"https:\/\/www.aikido-ffab-ra.org\/#organization\"},\"potentialAction\":[{\"@type\":\"SearchAction\",\"target\":{\"@type\":\"EntryPoint\",\"urlTemplate\":\"https:\/\/www.aikido-ffab-ra.org\/?s={search_term_string}\"},\"query-input\":\"required name=search_term_string\"}],\"inLanguage\":\"fr-FR\"},{\"@type\":\"Organization\",\"@id\":\"https:\/\/www.aikido-ffab-ra.org\/#organization\",\"name\":\"CILAB\",\"url\":\"https:\/\/www.aikido-ffab-ra.org\/\",\"sameAs\":[\"https:\/\/www.instagram.com\/cilab.aikido\/\",\"https:\/\/www.youtube.com\/channel\/UCt35Eapug9SYepppTidRLbA?app=desktop\",\"https:\/\/www.facebook.com\/aikido.cilab.7\"],\"logo\":{\"@type\":\"ImageObject\",\"inLanguage\":\"fr-FR\",\"@id\":\"https:\/\/www.aikido-ffab-ra.org\/#\/schema\/logo\/image\/\",\"url\":\"https:\/\/www.aikido-ffab-ra.org\/wp-content\/uploads\/2021\/03\/Logo-cilab.png\",\"contentUrl\":\"https:\/\/www.aikido-ffab-ra.org\/wp-content\/uploads\/2021\/03\/Logo-cilab.png\",\"width\":99,\"height\":100,\"caption\":\"CILAB\"},\"image\":{\"@id\":\"https:\/\/www.aikido-ffab-ra.org\/#\/schema\/logo\/image\/\"}},{\"@type\":\"Person\",\"@id\":\"https:\/\/www.aikido-ffab-ra.org\/#\/schema\/person\/2e632fb129db4dc790a8f2ee37bfda73\",\"name\":\"CILAB FFAB\",\"image\":{\"@type\":\"ImageObject\",\"inLanguage\":\"fr-FR\",\"@id\":\"https:\/\/www.aikido-ffab-ra.org\/#\/schema\/person\/image\/\",\"url\":\"https:\/\/secure.gravatar.com\/avatar\/4819e8da7a8cec51602dd58961a959bccd8ee02ef786afeae67e12aa2acf36e8?s=96&d=mm&r=g\",\"contentUrl\":\"https:\/\/secure.gravatar.com\/avatar\/4819e8da7a8cec51602dd58961a959bccd8ee02ef786afeae67e12aa2acf36e8?s=96&d=mm&r=g\",\"caption\":\"CILAB FFAB\"}}]}<\/script>\n<!-- \/ Yoast SEO plugin. -->","yoast_head_json":{"title":"Stage de rentr\u00e9e 24 Septembre 2022 - CILAB","description":"Pour cette rentr\u00e9e 2022-2023, \u00e0 la suite son assembl\u00e9e g\u00e9n\u00e9rale 2022, le CILAB organise un stage de rentr\u00e9e pour tous Samedi 17 avril 2022 De 15h00 \u00e0","robots":{"index":"index","follow":"follow","max-snippet":"max-snippet:-1","max-image-preview":"max-image-preview:large","max-video-preview":"max-video-preview:-1"},"canonical":"https:\/\/www.aikido-ffab-ra.org\/?p=3794","og_locale":"fr_FR","og_type":"article","og_title":"Stage de rentr\u00e9e 24 Septembre 2022 - CILAB","og_description":"Pour cette rentr\u00e9e 2022-2023, \u00e0 la suite son assembl\u00e9e g\u00e9n\u00e9rale 2022, le CILAB organise un stage de rentr\u00e9e pour tous Samedi 17 avril 2022 De 15h00 \u00e0","og_url":"https:\/\/www.aikido-ffab-ra.org\/?p=3794","og_site_name":"CILAB","article_publisher":"https:\/\/www.facebook.com\/aikido.cilab.7","article_published_time":"2022-09-02T06:00:00+00:00","article_modified_time":"2022-09-23T19:02:07+00:00","og_image":[{"width":700,"height":990,"url":"https:\/\/www.aikido-ffab-ra.org\/wp-content\/uploads\/actualites\/stage-de-rentree-24-septembre-2022\/2022-09-24-STAGE-DE-RENTREE-Irigny.jpg","type":"image\/jpeg"}],"author":"CILAB FFAB","twitter_card":"summary_large_image","twitter_misc":{"\u00c9crit par":"CILAB FFAB","Dur\u00e9e de lecture estim\u00e9e":"1 minute"},"schema":{"@context":"https:\/\/schema.org","@graph":[{"@type":"Article","@id":"https:\/\/www.aikido-ffab-ra.org\/?p=3794#article","isPartOf":{"@id":"https:\/\/www.aikido-ffab-ra.org\/?p=3794"},"author":{"name":"CILAB FFAB","@id":"https:\/\/www.aikido-ffab-ra.org\/#\/schema\/person\/2e632fb129db4dc790a8f2ee37bfda73"},"headline":"Stage de rentr\u00e9e 24 Septembre 2022","datePublished":"2022-09-02T06:00:00+00:00","dateModified":"2022-09-23T19:02:07+00:00","mainEntityOfPage":{"@id":"https:\/\/www.aikido-ffab-ra.org\/?p=3794"},"wordCount":49,"commentCount":0,"publisher":{"@id":"https:\/\/www.aikido-ffab-ra.org\/#organization"},"articleSection":["Stages"],"inLanguage":"fr-FR","potentialAction":[{"@type":"CommentAction","name":"Comment","target":["https:\/\/www.aikido-ffab-ra.org\/?p=3794#respond"]}]},{"@type":"WebPage","@id":"https:\/\/www.aikido-ffab-ra.org\/?p=3794","url":"https:\/\/www.aikido-ffab-ra.org\/?p=3794","name":"Stage de rentr\u00e9e 24 Septembre 2022 - CILAB","isPartOf":{"@id":"https:\/\/www.aikido-ffab-ra.org\/#website"},"datePublished":"2022-09-02T06:00:00+00:00","dateModified":"2022-09-23T19:02:07+00:00","description":"Pour cette rentr\u00e9e 2022-2023, \u00e0 la suite son assembl\u00e9e g\u00e9n\u00e9rale 2022, le CILAB organise un stage de rentr\u00e9e pour tous Samedi 17 avril 2022 De 15h00 \u00e0","breadcrumb":{"@id":"https:\/\/www.aikido-ffab-ra.org\/?p=3794#breadcrumb"},"inLanguage":"fr-FR","potentialAction":[{"@type":"ReadAction","target":["https:\/\/www.aikido-ffab-ra.org\/?p=3794"]}]},{"@type":"BreadcrumbList","@id":"https:\/\/www.aikido-ffab-ra.org\/?p=3794#breadcrumb","itemListElement":[{"@type":"ListItem","position":1,"name":"Accueil","item":"https:\/\/www.aikido-ffab-ra.org\/"},{"@type":"ListItem","position":2,"name":"Stages","item":"https:\/\/www.aikido-ffab-ra.org\/?cat=37"},{"@type":"ListItem","position":3,"name":"Stage de rentr\u00e9e 24 Septembre 2022"}]},{"@type":"WebSite","@id":"https:\/\/www.aikido-ffab-ra.org\/#website","url":"https:\/\/www.aikido-ffab-ra.org\/","name":"CILAB","description":"","publisher":{"@id":"https:\/\/www.aikido-ffab-ra.org\/#organization"},"potentialAction":[{"@type":"SearchAction","target":{"@type":"EntryPoint","urlTemplate":"https:\/\/www.aikido-ffab-ra.org\/?s={search_term_string}"},"query-input":"required name=search_term_string"}],"inLanguage":"fr-FR"},{"@type":"Organization","@id":"https:\/\/www.aikido-ffab-ra.org\/#organization","name":"CILAB","url":"https:\/\/www.aikido-ffab-ra.org\/","sameAs":["https:\/\/www.instagram.com\/cilab.aikido\/","https:\/\/www.youtube.com\/channel\/UCt35Eapug9SYepppTidRLbA?app=desktop","https:\/\/www.facebook.com\/aikido.cilab.7"],"logo":{"@type":"ImageObject","inLanguage":"fr-FR","@id":"https:\/\/www.aikido-ffab-ra.org\/#\/schema\/logo\/image\/","url":"https:\/\/www.aikido-ffab-ra.org\/wp-content\/uploads\/2021\/03\/Logo-cilab.png","contentUrl":"https:\/\/www.aikido-ffab-ra.org\/wp-content\/uploads\/2021\/03\/Logo-cilab.png","width":99,"height":100,"caption":"CILAB"},"image":{"@id":"https:\/\/www.aikido-ffab-ra.org\/#\/schema\/logo\/image\/"}},{"@type":"Person","@id":"https:\/\/www.aikido-ffab-ra.org\/#\/schema\/person\/2e632fb129db4dc790a8f2ee37bfda73","name":"CILAB FFAB","image":{"@type":"ImageObject","inLanguage":"fr-FR","@id":"https:\/\/www.aikido-ffab-ra.org\/#\/schema\/person\/image\/","url":"https:\/\/secure.gravatar.com\/avatar\/4819e8da7a8cec51602dd58961a959bccd8ee02ef786afeae67e12aa2acf36e8?s=96&d=mm&r=g","contentUrl":"https:\/\/secure.gravatar.com\/avatar\/4819e8da7a8cec51602dd58961a959bccd8ee02ef786afeae67e12aa2acf36e8?s=96&d=mm&r=g","caption":"CILAB FFAB"}}]}},"_links":{"self":[{"href":"https:\/\/www.aikido-ffab-ra.org\/index.php?rest_route=\/wp\/v2\/posts\/3794","targetHints":{"allow":["GET"]}}],"collection":[{"href":"https:\/\/www.aikido-ffab-ra.org\/index.php?rest_route=\/wp\/v2\/posts"}],"about":[{"href":"https:\/\/www.aikido-ffab-ra.org\/index.php?rest_route=\/wp\/v2\/types\/post"}],"author":[{"embeddable":true,"href":"https:\/\/www.aikido-ffab-ra.org\/index.php?rest_route=\/wp\/v2\/users\/3"}],"replies":[{"embeddable":true,"href":"https:\/\/www.aikido-ffab-ra.org\/index.php?rest_route=%2Fwp%2Fv2%2Fcomments&post=3794"}],"version-history":[{"count":3,"href":"https:\/\/www.aikido-ffab-ra.org\/index.php?rest_route=\/wp\/v2\/posts\/3794\/revisions"}],"predecessor-version":[{"id":3811,"href":"https:\/\/www.aikido-ffab-ra.org\/index.php?rest_route=\/wp\/v2\/posts\/3794\/revisions\/3811"}],"wp:featuredmedia":[{"embeddable":true,"href":"https:\/\/www.aikido-ffab-ra.org\/index.php?rest_route=\/wp\/v2\/media\/3795"}],"wp:attachment":[{"href":"https:\/\/www.aikido-ffab-ra.org\/index.php?rest_route=%2Fwp%2Fv2%2Fmedia&parent=3794"}],"wp:term":[{"taxonomy":"category","embeddable":true,"href":"https:\/\/www.aikido-ffab-ra.org\/index.php?rest_route=%2Fwp%2Fv2%2Fcategories&post=3794"},{"taxonomy":"post_tag","embeddable":true,"href":"https:\/\/www.aikido-ffab-ra.org\/index.php?rest_route=%2Fwp%2Fv2%2Ftags&post=3794"}],"curies":[{"name":"wp","href":"https:\/\/api.w.org\/{rel}","templated":true}]}}