{"id":3816,"date":"2022-09-23T21:27:27","date_gmt":"2022-09-23T19:27:27","guid":{"rendered":"https:\/\/www.aikido-ffab-ra.org\/?p=3816"},"modified":"2022-09-23T21:27:27","modified_gmt":"2022-09-23T19:27:27","slug":"ecole-des-cadres-formation-continue-des-enseignants-bifa-15-10-2022","status":"publish","type":"post","link":"https:\/\/www.aikido-ffab-ra.org\/?p=3816","title":{"rendered":"Ecole des cadres &#8211; Formation continue des enseignants &#038; BIFA &#8211; 15\/10\/2022"},"content":{"rendered":"<p>Premi\u00e8re \u00e9cole des cadres de la saison 2022 2023, sur le th\u00e8me de la formation continue des enseignants &amp; du BIFA<\/p>\n<ul>\n<li><strong>Samedi 15 Octobre 2022<\/strong><\/li>\n<li>De 9h30 \u00e0 12h00 et de 14h30 \u00e0 16h30<\/li>\n<li><a href=\"https:\/\/www.google.com\/maps\/place\/A\u00cfKIDO+Lyon+CONFLUENCE+-+UNSUI+DOJO\/@45.7413777,4.8188246,17z\/data=!4m5!3m4!1s0x47f4ebcbbf6a1933:0x74eefa9ed3cd83a9!8m2!3d45.7413472!4d4.8210888\">Club UNSUI DOJO A\u00efkido Confluence, au DOJO de la Halle aux Fleurs, 66 rue Smith, 69002 LYON<\/a><\/li>\n<li>Avec Nicolas Seguin &amp; Marion Dumoulin<\/li>\n<\/ul>\n<p><img loading=\"lazy\" decoding=\"async\" class=\"size-full wp-image-3817 aligncenter\" src=\"https:\/\/www.aikido-ffab-ra.org\/wp-content\/uploads\/stages\/ecole-des-cadres-formation-continue-des-enseignants-bifa-15-10-2022\/2022-10-15-EDC-Enseignant-Bifa-Confluence-Seguin-Dumoulin.jpg\" alt=\"2022-10-15-EDC-Enseignant-Bifa-Confluence-Seguin-Dumoulin\" width=\"700\" height=\"991\" srcset=\"https:\/\/www.aikido-ffab-ra.org\/wp-content\/uploads\/stages\/ecole-des-cadres-formation-continue-des-enseignants-bifa-15-10-2022\/2022-10-15-EDC-Enseignant-Bifa-Confluence-Seguin-Dumoulin.jpg 700w, https:\/\/www.aikido-ffab-ra.org\/wp-content\/uploads\/stages\/ecole-des-cadres-formation-continue-des-enseignants-bifa-15-10-2022\/2022-10-15-EDC-Enseignant-Bifa-Confluence-Seguin-Dumoulin-450x637.jpg 450w\" sizes=\"auto, (max-width: 700px) 100vw, 700px\" \/><\/p>\n<p>&nbsp;<\/p>\n","protected":false},"excerpt":{"rendered":"<p>Premi\u00e8re \u00e9cole des cadres de la saison 2022 2023, sur le th\u00e8me de la formation continue des enseignants &amp; du BIFA Samedi 15 Octobre 2022 De 9h30 \u00e0 12h00 et de 14h30 \u00e0 16h30 Club UNSUI DOJO A\u00efkido Confluence, au DOJO de la Halle aux Fleurs, 66 rue Smith, 69002 LYON Avec Nicolas Seguin &amp; [&hellip;]<\/p>\n","protected":false},"author":3,"featured_media":3817,"comment_status":"open","ping_status":"open","sticky":false,"template":"","format":"standard","meta":{"footnotes":""},"categories":[37],"tags":[],"class_list":["post-3816","post","type-post","status-publish","format-standard","has-post-thumbnail","hentry","category-stages","entry","has-media"],"yoast_head":"<!-- This site is optimized with the Yoast SEO plugin v19.7.1 - https:\/\/yoast.com\/wordpress\/plugins\/seo\/ -->\n<title>Ecole des cadres - Formation continue des enseignants &amp; BIFA - 15\/10\/2022 - CILAB<\/title>\n<meta name=\"description\" content=\"Premi\u00e8re \u00e9cole des cadres de la saison 2022 2023, sur le th\u00e8me de la formation continue des enseignants &amp; du BIFA Samedi 15 Octobre 2022 De 9h30 \u00e0\" \/>\n<meta name=\"robots\" content=\"index, follow, max-snippet:-1, max-image-preview:large, max-video-preview:-1\" \/>\n<link rel=\"canonical\" href=\"https:\/\/www.aikido-ffab-ra.org\/?p=3816\" \/>\n<meta property=\"og:locale\" content=\"fr_FR\" \/>\n<meta property=\"og:type\" content=\"article\" \/>\n<meta property=\"og:title\" content=\"Ecole des cadres - Formation continue des enseignants &amp; BIFA - 15\/10\/2022 - CILAB\" \/>\n<meta property=\"og:description\" content=\"Premi\u00e8re \u00e9cole des cadres de la saison 2022 2023, sur le th\u00e8me de la formation continue des enseignants &amp; du BIFA Samedi 15 Octobre 2022 De 9h30 \u00e0\" \/>\n<meta property=\"og:url\" content=\"https:\/\/www.aikido-ffab-ra.org\/?p=3816\" \/>\n<meta property=\"og:site_name\" content=\"CILAB\" \/>\n<meta property=\"article:publisher\" content=\"https:\/\/www.facebook.com\/aikido.cilab.7\" \/>\n<meta property=\"article:published_time\" content=\"2022-09-23T19:27:27+00:00\" \/>\n<meta property=\"og:image\" content=\"https:\/\/www.aikido-ffab-ra.org\/wp-content\/uploads\/stages\/ecole-des-cadres-formation-continue-des-enseignants-bifa-15-10-2022\/2022-10-15-EDC-Enseignant-Bifa-Confluence-Seguin-Dumoulin.jpg\" \/>\n\t<meta property=\"og:image:width\" content=\"700\" \/>\n\t<meta property=\"og:image:height\" content=\"991\" \/>\n\t<meta property=\"og:image:type\" content=\"image\/jpeg\" \/>\n<meta name=\"author\" content=\"CILAB FFAB\" \/>\n<meta name=\"twitter:card\" content=\"summary_large_image\" \/>\n<meta name=\"twitter:label1\" content=\"\u00c9crit par\" \/>\n\t<meta name=\"twitter:data1\" content=\"CILAB FFAB\" \/>\n\t<meta name=\"twitter:label2\" content=\"Dur\u00e9e de lecture estim\u00e9e\" \/>\n\t<meta name=\"twitter:data2\" content=\"1 minute\" \/>\n<script type=\"application\/ld+json\" class=\"yoast-schema-graph\">{\"@context\":\"https:\/\/schema.org\",\"@graph\":[{\"@type\":\"Article\",\"@id\":\"https:\/\/www.aikido-ffab-ra.org\/?p=3816#article\",\"isPartOf\":{\"@id\":\"https:\/\/www.aikido-ffab-ra.org\/?p=3816\"},\"author\":{\"name\":\"CILAB FFAB\",\"@id\":\"https:\/\/www.aikido-ffab-ra.org\/#\/schema\/person\/2e632fb129db4dc790a8f2ee37bfda73\"},\"headline\":\"Ecole des cadres &#8211; Formation continue des enseignants &#038; BIFA &#8211; 15\/10\/2022\",\"datePublished\":\"2022-09-23T19:27:27+00:00\",\"dateModified\":\"2022-09-23T19:27:27+00:00\",\"mainEntityOfPage\":{\"@id\":\"https:\/\/www.aikido-ffab-ra.org\/?p=3816\"},\"wordCount\":63,\"commentCount\":0,\"publisher\":{\"@id\":\"https:\/\/www.aikido-ffab-ra.org\/#organization\"},\"articleSection\":[\"Stages\"],\"inLanguage\":\"fr-FR\",\"potentialAction\":[{\"@type\":\"CommentAction\",\"name\":\"Comment\",\"target\":[\"https:\/\/www.aikido-ffab-ra.org\/?p=3816#respond\"]}]},{\"@type\":\"WebPage\",\"@id\":\"https:\/\/www.aikido-ffab-ra.org\/?p=3816\",\"url\":\"https:\/\/www.aikido-ffab-ra.org\/?p=3816\",\"name\":\"Ecole des cadres - Formation continue des enseignants & BIFA - 15\/10\/2022 - CILAB\",\"isPartOf\":{\"@id\":\"https:\/\/www.aikido-ffab-ra.org\/#website\"},\"datePublished\":\"2022-09-23T19:27:27+00:00\",\"dateModified\":\"2022-09-23T19:27:27+00:00\",\"description\":\"Premi\u00e8re \u00e9cole des cadres de la saison 2022 2023, sur le th\u00e8me de la formation continue des enseignants &amp; du BIFA Samedi 15 Octobre 2022 De 9h30 \u00e0\",\"breadcrumb\":{\"@id\":\"https:\/\/www.aikido-ffab-ra.org\/?p=3816#breadcrumb\"},\"inLanguage\":\"fr-FR\",\"potentialAction\":[{\"@type\":\"ReadAction\",\"target\":[\"https:\/\/www.aikido-ffab-ra.org\/?p=3816\"]}]},{\"@type\":\"BreadcrumbList\",\"@id\":\"https:\/\/www.aikido-ffab-ra.org\/?p=3816#breadcrumb\",\"itemListElement\":[{\"@type\":\"ListItem\",\"position\":1,\"name\":\"Accueil\",\"item\":\"https:\/\/www.aikido-ffab-ra.org\/\"},{\"@type\":\"ListItem\",\"position\":2,\"name\":\"Stages\",\"item\":\"https:\/\/www.aikido-ffab-ra.org\/?cat=37\"},{\"@type\":\"ListItem\",\"position\":3,\"name\":\"Ecole des cadres &#8211; Formation continue des enseignants &#038; BIFA &#8211; 15\/10\/2022\"}]},{\"@type\":\"WebSite\",\"@id\":\"https:\/\/www.aikido-ffab-ra.org\/#website\",\"url\":\"https:\/\/www.aikido-ffab-ra.org\/\",\"name\":\"CILAB\",\"description\":\"\",\"publisher\":{\"@id\":\"https:\/\/www.aikido-ffab-ra.org\/#organization\"},\"potentialAction\":[{\"@type\":\"SearchAction\",\"target\":{\"@type\":\"EntryPoint\",\"urlTemplate\":\"https:\/\/www.aikido-ffab-ra.org\/?s={search_term_string}\"},\"query-input\":\"required name=search_term_string\"}],\"inLanguage\":\"fr-FR\"},{\"@type\":\"Organization\",\"@id\":\"https:\/\/www.aikido-ffab-ra.org\/#organization\",\"name\":\"CILAB\",\"url\":\"https:\/\/www.aikido-ffab-ra.org\/\",\"sameAs\":[\"https:\/\/www.instagram.com\/cilab.aikido\/\",\"https:\/\/www.youtube.com\/channel\/UCt35Eapug9SYepppTidRLbA?app=desktop\",\"https:\/\/www.facebook.com\/aikido.cilab.7\"],\"logo\":{\"@type\":\"ImageObject\",\"inLanguage\":\"fr-FR\",\"@id\":\"https:\/\/www.aikido-ffab-ra.org\/#\/schema\/logo\/image\/\",\"url\":\"https:\/\/www.aikido-ffab-ra.org\/wp-content\/uploads\/2021\/03\/Logo-cilab.png\",\"contentUrl\":\"https:\/\/www.aikido-ffab-ra.org\/wp-content\/uploads\/2021\/03\/Logo-cilab.png\",\"width\":99,\"height\":100,\"caption\":\"CILAB\"},\"image\":{\"@id\":\"https:\/\/www.aikido-ffab-ra.org\/#\/schema\/logo\/image\/\"}},{\"@type\":\"Person\",\"@id\":\"https:\/\/www.aikido-ffab-ra.org\/#\/schema\/person\/2e632fb129db4dc790a8f2ee37bfda73\",\"name\":\"CILAB FFAB\",\"image\":{\"@type\":\"ImageObject\",\"inLanguage\":\"fr-FR\",\"@id\":\"https:\/\/www.aikido-ffab-ra.org\/#\/schema\/person\/image\/\",\"url\":\"https:\/\/secure.gravatar.com\/avatar\/4819e8da7a8cec51602dd58961a959bccd8ee02ef786afeae67e12aa2acf36e8?s=96&d=mm&r=g\",\"contentUrl\":\"https:\/\/secure.gravatar.com\/avatar\/4819e8da7a8cec51602dd58961a959bccd8ee02ef786afeae67e12aa2acf36e8?s=96&d=mm&r=g\",\"caption\":\"CILAB FFAB\"}}]}<\/script>\n<!-- \/ Yoast SEO plugin. -->","yoast_head_json":{"title":"Ecole des cadres - Formation continue des enseignants & BIFA - 15\/10\/2022 - CILAB","description":"Premi\u00e8re \u00e9cole des cadres de la saison 2022 2023, sur le th\u00e8me de la formation continue des enseignants &amp; du BIFA Samedi 15 Octobre 2022 De 9h30 \u00e0","robots":{"index":"index","follow":"follow","max-snippet":"max-snippet:-1","max-image-preview":"max-image-preview:large","max-video-preview":"max-video-preview:-1"},"canonical":"https:\/\/www.aikido-ffab-ra.org\/?p=3816","og_locale":"fr_FR","og_type":"article","og_title":"Ecole des cadres - Formation continue des enseignants & BIFA - 15\/10\/2022 - CILAB","og_description":"Premi\u00e8re \u00e9cole des cadres de la saison 2022 2023, sur le th\u00e8me de la formation continue des enseignants &amp; du BIFA Samedi 15 Octobre 2022 De 9h30 \u00e0","og_url":"https:\/\/www.aikido-ffab-ra.org\/?p=3816","og_site_name":"CILAB","article_publisher":"https:\/\/www.facebook.com\/aikido.cilab.7","article_published_time":"2022-09-23T19:27:27+00:00","og_image":[{"width":700,"height":991,"url":"https:\/\/www.aikido-ffab-ra.org\/wp-content\/uploads\/stages\/ecole-des-cadres-formation-continue-des-enseignants-bifa-15-10-2022\/2022-10-15-EDC-Enseignant-Bifa-Confluence-Seguin-Dumoulin.jpg","type":"image\/jpeg"}],"author":"CILAB FFAB","twitter_card":"summary_large_image","twitter_misc":{"\u00c9crit par":"CILAB FFAB","Dur\u00e9e de lecture estim\u00e9e":"1 minute"},"schema":{"@context":"https:\/\/schema.org","@graph":[{"@type":"Article","@id":"https:\/\/www.aikido-ffab-ra.org\/?p=3816#article","isPartOf":{"@id":"https:\/\/www.aikido-ffab-ra.org\/?p=3816"},"author":{"name":"CILAB FFAB","@id":"https:\/\/www.aikido-ffab-ra.org\/#\/schema\/person\/2e632fb129db4dc790a8f2ee37bfda73"},"headline":"Ecole des cadres &#8211; Formation continue des enseignants &#038; BIFA &#8211; 15\/10\/2022","datePublished":"2022-09-23T19:27:27+00:00","dateModified":"2022-09-23T19:27:27+00:00","mainEntityOfPage":{"@id":"https:\/\/www.aikido-ffab-ra.org\/?p=3816"},"wordCount":63,"commentCount":0,"publisher":{"@id":"https:\/\/www.aikido-ffab-ra.org\/#organization"},"articleSection":["Stages"],"inLanguage":"fr-FR","potentialAction":[{"@type":"CommentAction","name":"Comment","target":["https:\/\/www.aikido-ffab-ra.org\/?p=3816#respond"]}]},{"@type":"WebPage","@id":"https:\/\/www.aikido-ffab-ra.org\/?p=3816","url":"https:\/\/www.aikido-ffab-ra.org\/?p=3816","name":"Ecole des cadres - Formation continue des enseignants & BIFA - 15\/10\/2022 - CILAB","isPartOf":{"@id":"https:\/\/www.aikido-ffab-ra.org\/#website"},"datePublished":"2022-09-23T19:27:27+00:00","dateModified":"2022-09-23T19:27:27+00:00","description":"Premi\u00e8re \u00e9cole des cadres de la saison 2022 2023, sur le th\u00e8me de la formation continue des enseignants &amp; du BIFA Samedi 15 Octobre 2022 De 9h30 \u00e0","breadcrumb":{"@id":"https:\/\/www.aikido-ffab-ra.org\/?p=3816#breadcrumb"},"inLanguage":"fr-FR","potentialAction":[{"@type":"ReadAction","target":["https:\/\/www.aikido-ffab-ra.org\/?p=3816"]}]},{"@type":"BreadcrumbList","@id":"https:\/\/www.aikido-ffab-ra.org\/?p=3816#breadcrumb","itemListElement":[{"@type":"ListItem","position":1,"name":"Accueil","item":"https:\/\/www.aikido-ffab-ra.org\/"},{"@type":"ListItem","position":2,"name":"Stages","item":"https:\/\/www.aikido-ffab-ra.org\/?cat=37"},{"@type":"ListItem","position":3,"name":"Ecole des cadres &#8211; Formation continue des enseignants &#038; BIFA &#8211; 15\/10\/2022"}]},{"@type":"WebSite","@id":"https:\/\/www.aikido-ffab-ra.org\/#website","url":"https:\/\/www.aikido-ffab-ra.org\/","name":"CILAB","description":"","publisher":{"@id":"https:\/\/www.aikido-ffab-ra.org\/#organization"},"potentialAction":[{"@type":"SearchAction","target":{"@type":"EntryPoint","urlTemplate":"https:\/\/www.aikido-ffab-ra.org\/?s={search_term_string}"},"query-input":"required name=search_term_string"}],"inLanguage":"fr-FR"},{"@type":"Organization","@id":"https:\/\/www.aikido-ffab-ra.org\/#organization","name":"CILAB","url":"https:\/\/www.aikido-ffab-ra.org\/","sameAs":["https:\/\/www.instagram.com\/cilab.aikido\/","https:\/\/www.youtube.com\/channel\/UCt35Eapug9SYepppTidRLbA?app=desktop","https:\/\/www.facebook.com\/aikido.cilab.7"],"logo":{"@type":"ImageObject","inLanguage":"fr-FR","@id":"https:\/\/www.aikido-ffab-ra.org\/#\/schema\/logo\/image\/","url":"https:\/\/www.aikido-ffab-ra.org\/wp-content\/uploads\/2021\/03\/Logo-cilab.png","contentUrl":"https:\/\/www.aikido-ffab-ra.org\/wp-content\/uploads\/2021\/03\/Logo-cilab.png","width":99,"height":100,"caption":"CILAB"},"image":{"@id":"https:\/\/www.aikido-ffab-ra.org\/#\/schema\/logo\/image\/"}},{"@type":"Person","@id":"https:\/\/www.aikido-ffab-ra.org\/#\/schema\/person\/2e632fb129db4dc790a8f2ee37bfda73","name":"CILAB FFAB","image":{"@type":"ImageObject","inLanguage":"fr-FR","@id":"https:\/\/www.aikido-ffab-ra.org\/#\/schema\/person\/image\/","url":"https:\/\/secure.gravatar.com\/avatar\/4819e8da7a8cec51602dd58961a959bccd8ee02ef786afeae67e12aa2acf36e8?s=96&d=mm&r=g","contentUrl":"https:\/\/secure.gravatar.com\/avatar\/4819e8da7a8cec51602dd58961a959bccd8ee02ef786afeae67e12aa2acf36e8?s=96&d=mm&r=g","caption":"CILAB FFAB"}}]}},"_links":{"self":[{"href":"https:\/\/www.aikido-ffab-ra.org\/index.php?rest_route=\/wp\/v2\/posts\/3816","targetHints":{"allow":["GET"]}}],"collection":[{"href":"https:\/\/www.aikido-ffab-ra.org\/index.php?rest_route=\/wp\/v2\/posts"}],"about":[{"href":"https:\/\/www.aikido-ffab-ra.org\/index.php?rest_route=\/wp\/v2\/types\/post"}],"author":[{"embeddable":true,"href":"https:\/\/www.aikido-ffab-ra.org\/index.php?rest_route=\/wp\/v2\/users\/3"}],"replies":[{"embeddable":true,"href":"https:\/\/www.aikido-ffab-ra.org\/index.php?rest_route=%2Fwp%2Fv2%2Fcomments&post=3816"}],"version-history":[{"count":1,"href":"https:\/\/www.aikido-ffab-ra.org\/index.php?rest_route=\/wp\/v2\/posts\/3816\/revisions"}],"predecessor-version":[{"id":3818,"href":"https:\/\/www.aikido-ffab-ra.org\/index.php?rest_route=\/wp\/v2\/posts\/3816\/revisions\/3818"}],"wp:featuredmedia":[{"embeddable":true,"href":"https:\/\/www.aikido-ffab-ra.org\/index.php?rest_route=\/wp\/v2\/media\/3817"}],"wp:attachment":[{"href":"https:\/\/www.aikido-ffab-ra.org\/index.php?rest_route=%2Fwp%2Fv2%2Fmedia&parent=3816"}],"wp:term":[{"taxonomy":"category","embeddable":true,"href":"https:\/\/www.aikido-ffab-ra.org\/index.php?rest_route=%2Fwp%2Fv2%2Fcategories&post=3816"},{"taxonomy":"post_tag","embeddable":true,"href":"https:\/\/www.aikido-ffab-ra.org\/index.php?rest_route=%2Fwp%2Fv2%2Ftags&post=3816"}],"curies":[{"name":"wp","href":"https:\/\/api.w.org\/{rel}","templated":true}]}}