{"id":3913,"date":"2022-10-27T10:00:28","date_gmt":"2022-10-27T08:00:28","guid":{"rendered":"https:\/\/www.aikido-ffab-ra.org\/?p=3913"},"modified":"2023-01-23T19:51:30","modified_gmt":"2023-01-23T18:51:30","slug":"ecoles-des-cadres-stage-jeunes-03-12-2022","status":"publish","type":"post","link":"https:\/\/www.aikido-ffab-ra.org\/?p=3913","title":{"rendered":"Ecoles des Cadres &#038; Stage JEUNES &#8211; 03\/12\/2022"},"content":{"rendered":"<p>Le CILAB organise une \u00e9coles des cadres pour les enseignants public JEUNES, suivi d&rsquo;un stage JEUNES<\/p>\n<ul>\n<li><strong>Samedi 03 d\u00e9cembre 2022<\/strong><\/li>\n<li><strong>Ecoles des cadres,<\/strong> ouvertes aux enseignants publics jeunes (actuels ou futurs), aux candidats BF.<\/li>\n<li>De 9h00 \u00e0 12h00 &amp; de 15h00 \u00e0 17h00<\/li>\n<li><a href=\"https:\/\/www.google.com\/maps\/place\/A\u00cfKIDO+Lyon+CONFLUENCE+-+UNSUI+DOJO\/@45.7413777,4.8188246,17z\/data=!4m5!3m4!1s0x47f4ebcbbf6a1933:0x74eefa9ed3cd83a9!8m2!3d45.7413472!4d4.8210888\">Club UNSUI DOJO A\u00efkido Confluence, au DOJO de la Halle aux Fleurs, 66 rue Smith, 69002 LYON<\/a><\/li>\n<li>Anim\u00e9 par la commission jeunes du CILAB avec Nicolas Rivi\u00e8res &amp; Ralph Nicolas<\/li>\n<\/ul>\n<ul>\n<li><strong>Samedi 03 d\u00e9cembre 2022 APR\u00c8S-MIDI<\/strong><\/li>\n<li><strong>Stage JEUNES,<\/strong> ouvertes aux jeunes pratiquants de 8 \u00e0 18 ans, tous niveaux.<\/li>\n<li>De 15h00 \u00e0 17h00<\/li>\n<li><a href=\"https:\/\/www.google.com\/maps\/place\/A\u00cfKIDO+Lyon+CONFLUENCE+-+UNSUI+DOJO\/@45.7413777,4.8188246,17z\/data=!4m5!3m4!1s0x47f4ebcbbf6a1933:0x74eefa9ed3cd83a9!8m2!3d45.7413472!4d4.8210888\">Club UNSUI DOJO A\u00efkido Confluence, au DOJO de la Halle aux Fleurs, 66 rue Smith, 69002 LYON<\/a><\/li>\n<li>Anim\u00e9 par la commission jeunes du CILAB avec Nicolas Rivi\u00e8res &amp; Ralph Nicolas<\/li>\n<\/ul>\n<p><img loading=\"lazy\" decoding=\"async\" class=\"alignnone size-full wp-image-3915\" src=\"https:\/\/www.aikido-ffab-ra.org\/wp-content\/uploads\/stages\/ecoles-des-cadres-stage-jeunes-03-12-2022\/2022-12-03-EDC-Stage-jeunes-Confluence-Riviere_Nicolas.jpg\" alt=\"2022-12-03-EDC-Stage AIKIDO jeunes-Confluence-Riviere_Nicolas\" width=\"694\" height=\"982\" srcset=\"https:\/\/www.aikido-ffab-ra.org\/wp-content\/uploads\/stages\/ecoles-des-cadres-stage-jeunes-03-12-2022\/2022-12-03-EDC-Stage-jeunes-Confluence-Riviere_Nicolas.jpg 694w, https:\/\/www.aikido-ffab-ra.org\/wp-content\/uploads\/stages\/ecoles-des-cadres-stage-jeunes-03-12-2022\/2022-12-03-EDC-Stage-jeunes-Confluence-Riviere_Nicolas-450x637.jpg 450w\" sizes=\"auto, (max-width: 694px) 100vw, 694px\" \/><\/p>\n","protected":false},"excerpt":{"rendered":"<p>Le CILAB organise une \u00e9coles des cadres pour les enseignants public JEUNES, suivi d&rsquo;un stage JEUNES Samedi 03 d\u00e9cembre 2022 Ecoles des cadres, ouvertes aux enseignants publics jeunes (actuels ou futurs), aux candidats BF. De 9h00 \u00e0 12h00 &amp; de 15h00 \u00e0 17h00 Club UNSUI DOJO A\u00efkido Confluence, au DOJO de la Halle aux Fleurs, [&hellip;]<\/p>\n","protected":false},"author":3,"featured_media":3915,"comment_status":"open","ping_status":"open","sticky":false,"template":"","format":"standard","meta":{"footnotes":""},"categories":[37,39],"tags":[],"class_list":["post-3913","post","type-post","status-publish","format-standard","has-post-thumbnail","hentry","category-stages","category-stages-jeunes","entry","has-media"],"yoast_head":"<!-- This site is optimized with the Yoast SEO plugin v19.7.1 - https:\/\/yoast.com\/wordpress\/plugins\/seo\/ -->\n<title>Ecoles des Cadres &amp; Stage JEUNES - 03\/12\/2022 - CILAB<\/title>\n<meta name=\"description\" content=\"Le CILAB organise une \u00e9coles des cadres pour les enseignants public JEUNES, suivi d&#039;un stage JEUNES Samedi 03 d\u00e9cembre 2022 Ecoles des cadres, ouvertes\" \/>\n<meta name=\"robots\" content=\"index, follow, max-snippet:-1, max-image-preview:large, max-video-preview:-1\" \/>\n<link rel=\"canonical\" href=\"https:\/\/www.aikido-ffab-ra.org\/?p=3913\" \/>\n<meta property=\"og:locale\" content=\"fr_FR\" \/>\n<meta property=\"og:type\" content=\"article\" \/>\n<meta property=\"og:title\" content=\"Ecoles des Cadres &amp; Stage JEUNES - 03\/12\/2022 - CILAB\" \/>\n<meta property=\"og:description\" content=\"Le CILAB organise une \u00e9coles des cadres pour les enseignants public JEUNES, suivi d&#039;un stage JEUNES Samedi 03 d\u00e9cembre 2022 Ecoles des cadres, ouvertes\" \/>\n<meta property=\"og:url\" content=\"https:\/\/www.aikido-ffab-ra.org\/?p=3913\" \/>\n<meta property=\"og:site_name\" content=\"CILAB\" \/>\n<meta property=\"article:publisher\" content=\"https:\/\/www.facebook.com\/aikido.cilab.7\" \/>\n<meta property=\"article:published_time\" content=\"2022-10-27T08:00:28+00:00\" \/>\n<meta property=\"article:modified_time\" content=\"2023-01-23T18:51:30+00:00\" \/>\n<meta property=\"og:image\" content=\"https:\/\/www.aikido-ffab-ra.org\/wp-content\/uploads\/stages\/ecoles-des-cadres-stage-jeunes-03-12-2022\/2022-12-03-EDC-Stage-jeunes-Confluence-Riviere_Nicolas.jpg\" \/>\n\t<meta property=\"og:image:width\" content=\"694\" \/>\n\t<meta property=\"og:image:height\" content=\"982\" \/>\n\t<meta property=\"og:image:type\" content=\"image\/jpeg\" \/>\n<meta name=\"author\" content=\"CILAB FFAB\" \/>\n<meta name=\"twitter:card\" content=\"summary_large_image\" \/>\n<meta name=\"twitter:label1\" content=\"\u00c9crit par\" \/>\n\t<meta name=\"twitter:data1\" content=\"CILAB FFAB\" \/>\n\t<meta name=\"twitter:label2\" content=\"Dur\u00e9e de lecture estim\u00e9e\" \/>\n\t<meta name=\"twitter:data2\" content=\"1 minute\" \/>\n<script type=\"application\/ld+json\" class=\"yoast-schema-graph\">{\"@context\":\"https:\/\/schema.org\",\"@graph\":[{\"@type\":\"Article\",\"@id\":\"https:\/\/www.aikido-ffab-ra.org\/?p=3913#article\",\"isPartOf\":{\"@id\":\"https:\/\/www.aikido-ffab-ra.org\/?p=3913\"},\"author\":{\"name\":\"CILAB FFAB\",\"@id\":\"https:\/\/www.aikido-ffab-ra.org\/#\/schema\/person\/2e632fb129db4dc790a8f2ee37bfda73\"},\"headline\":\"Ecoles des Cadres &#038; Stage JEUNES &#8211; 03\/12\/2022\",\"datePublished\":\"2022-10-27T08:00:28+00:00\",\"dateModified\":\"2023-01-23T18:51:30+00:00\",\"mainEntityOfPage\":{\"@id\":\"https:\/\/www.aikido-ffab-ra.org\/?p=3913\"},\"wordCount\":124,\"commentCount\":0,\"publisher\":{\"@id\":\"https:\/\/www.aikido-ffab-ra.org\/#organization\"},\"articleSection\":[\"Stages\",\"Stages jeunes\"],\"inLanguage\":\"fr-FR\",\"potentialAction\":[{\"@type\":\"CommentAction\",\"name\":\"Comment\",\"target\":[\"https:\/\/www.aikido-ffab-ra.org\/?p=3913#respond\"]}]},{\"@type\":\"WebPage\",\"@id\":\"https:\/\/www.aikido-ffab-ra.org\/?p=3913\",\"url\":\"https:\/\/www.aikido-ffab-ra.org\/?p=3913\",\"name\":\"Ecoles des Cadres & Stage JEUNES - 03\/12\/2022 - CILAB\",\"isPartOf\":{\"@id\":\"https:\/\/www.aikido-ffab-ra.org\/#website\"},\"datePublished\":\"2022-10-27T08:00:28+00:00\",\"dateModified\":\"2023-01-23T18:51:30+00:00\",\"description\":\"Le CILAB organise une \u00e9coles des cadres pour les enseignants public JEUNES, suivi d'un stage JEUNES Samedi 03 d\u00e9cembre 2022 Ecoles des cadres, ouvertes\",\"breadcrumb\":{\"@id\":\"https:\/\/www.aikido-ffab-ra.org\/?p=3913#breadcrumb\"},\"inLanguage\":\"fr-FR\",\"potentialAction\":[{\"@type\":\"ReadAction\",\"target\":[\"https:\/\/www.aikido-ffab-ra.org\/?p=3913\"]}]},{\"@type\":\"BreadcrumbList\",\"@id\":\"https:\/\/www.aikido-ffab-ra.org\/?p=3913#breadcrumb\",\"itemListElement\":[{\"@type\":\"ListItem\",\"position\":1,\"name\":\"Accueil\",\"item\":\"https:\/\/www.aikido-ffab-ra.org\/\"},{\"@type\":\"ListItem\",\"position\":2,\"name\":\"Stages\",\"item\":\"https:\/\/www.aikido-ffab-ra.org\/?cat=37\"},{\"@type\":\"ListItem\",\"position\":3,\"name\":\"Ecoles des Cadres &#038; Stage JEUNES &#8211; 03\/12\/2022\"}]},{\"@type\":\"WebSite\",\"@id\":\"https:\/\/www.aikido-ffab-ra.org\/#website\",\"url\":\"https:\/\/www.aikido-ffab-ra.org\/\",\"name\":\"CILAB\",\"description\":\"\",\"publisher\":{\"@id\":\"https:\/\/www.aikido-ffab-ra.org\/#organization\"},\"potentialAction\":[{\"@type\":\"SearchAction\",\"target\":{\"@type\":\"EntryPoint\",\"urlTemplate\":\"https:\/\/www.aikido-ffab-ra.org\/?s={search_term_string}\"},\"query-input\":\"required name=search_term_string\"}],\"inLanguage\":\"fr-FR\"},{\"@type\":\"Organization\",\"@id\":\"https:\/\/www.aikido-ffab-ra.org\/#organization\",\"name\":\"CILAB\",\"url\":\"https:\/\/www.aikido-ffab-ra.org\/\",\"sameAs\":[\"https:\/\/www.instagram.com\/cilab.aikido\/\",\"https:\/\/www.youtube.com\/channel\/UCt35Eapug9SYepppTidRLbA?app=desktop\",\"https:\/\/www.facebook.com\/aikido.cilab.7\"],\"logo\":{\"@type\":\"ImageObject\",\"inLanguage\":\"fr-FR\",\"@id\":\"https:\/\/www.aikido-ffab-ra.org\/#\/schema\/logo\/image\/\",\"url\":\"https:\/\/www.aikido-ffab-ra.org\/wp-content\/uploads\/2021\/03\/Logo-cilab.png\",\"contentUrl\":\"https:\/\/www.aikido-ffab-ra.org\/wp-content\/uploads\/2021\/03\/Logo-cilab.png\",\"width\":99,\"height\":100,\"caption\":\"CILAB\"},\"image\":{\"@id\":\"https:\/\/www.aikido-ffab-ra.org\/#\/schema\/logo\/image\/\"}},{\"@type\":\"Person\",\"@id\":\"https:\/\/www.aikido-ffab-ra.org\/#\/schema\/person\/2e632fb129db4dc790a8f2ee37bfda73\",\"name\":\"CILAB FFAB\",\"image\":{\"@type\":\"ImageObject\",\"inLanguage\":\"fr-FR\",\"@id\":\"https:\/\/www.aikido-ffab-ra.org\/#\/schema\/person\/image\/\",\"url\":\"https:\/\/secure.gravatar.com\/avatar\/4819e8da7a8cec51602dd58961a959bccd8ee02ef786afeae67e12aa2acf36e8?s=96&d=mm&r=g\",\"contentUrl\":\"https:\/\/secure.gravatar.com\/avatar\/4819e8da7a8cec51602dd58961a959bccd8ee02ef786afeae67e12aa2acf36e8?s=96&d=mm&r=g\",\"caption\":\"CILAB FFAB\"}}]}<\/script>\n<!-- \/ Yoast SEO plugin. -->","yoast_head_json":{"title":"Ecoles des Cadres & Stage JEUNES - 03\/12\/2022 - CILAB","description":"Le CILAB organise une \u00e9coles des cadres pour les enseignants public JEUNES, suivi d'un stage JEUNES Samedi 03 d\u00e9cembre 2022 Ecoles des cadres, ouvertes","robots":{"index":"index","follow":"follow","max-snippet":"max-snippet:-1","max-image-preview":"max-image-preview:large","max-video-preview":"max-video-preview:-1"},"canonical":"https:\/\/www.aikido-ffab-ra.org\/?p=3913","og_locale":"fr_FR","og_type":"article","og_title":"Ecoles des Cadres & Stage JEUNES - 03\/12\/2022 - CILAB","og_description":"Le CILAB organise une \u00e9coles des cadres pour les enseignants public JEUNES, suivi d'un stage JEUNES Samedi 03 d\u00e9cembre 2022 Ecoles des cadres, ouvertes","og_url":"https:\/\/www.aikido-ffab-ra.org\/?p=3913","og_site_name":"CILAB","article_publisher":"https:\/\/www.facebook.com\/aikido.cilab.7","article_published_time":"2022-10-27T08:00:28+00:00","article_modified_time":"2023-01-23T18:51:30+00:00","og_image":[{"width":694,"height":982,"url":"https:\/\/www.aikido-ffab-ra.org\/wp-content\/uploads\/stages\/ecoles-des-cadres-stage-jeunes-03-12-2022\/2022-12-03-EDC-Stage-jeunes-Confluence-Riviere_Nicolas.jpg","type":"image\/jpeg"}],"author":"CILAB FFAB","twitter_card":"summary_large_image","twitter_misc":{"\u00c9crit par":"CILAB FFAB","Dur\u00e9e de lecture estim\u00e9e":"1 minute"},"schema":{"@context":"https:\/\/schema.org","@graph":[{"@type":"Article","@id":"https:\/\/www.aikido-ffab-ra.org\/?p=3913#article","isPartOf":{"@id":"https:\/\/www.aikido-ffab-ra.org\/?p=3913"},"author":{"name":"CILAB FFAB","@id":"https:\/\/www.aikido-ffab-ra.org\/#\/schema\/person\/2e632fb129db4dc790a8f2ee37bfda73"},"headline":"Ecoles des Cadres &#038; Stage JEUNES &#8211; 03\/12\/2022","datePublished":"2022-10-27T08:00:28+00:00","dateModified":"2023-01-23T18:51:30+00:00","mainEntityOfPage":{"@id":"https:\/\/www.aikido-ffab-ra.org\/?p=3913"},"wordCount":124,"commentCount":0,"publisher":{"@id":"https:\/\/www.aikido-ffab-ra.org\/#organization"},"articleSection":["Stages","Stages jeunes"],"inLanguage":"fr-FR","potentialAction":[{"@type":"CommentAction","name":"Comment","target":["https:\/\/www.aikido-ffab-ra.org\/?p=3913#respond"]}]},{"@type":"WebPage","@id":"https:\/\/www.aikido-ffab-ra.org\/?p=3913","url":"https:\/\/www.aikido-ffab-ra.org\/?p=3913","name":"Ecoles des Cadres & Stage JEUNES - 03\/12\/2022 - CILAB","isPartOf":{"@id":"https:\/\/www.aikido-ffab-ra.org\/#website"},"datePublished":"2022-10-27T08:00:28+00:00","dateModified":"2023-01-23T18:51:30+00:00","description":"Le CILAB organise une \u00e9coles des cadres pour les enseignants public JEUNES, suivi d'un stage JEUNES Samedi 03 d\u00e9cembre 2022 Ecoles des cadres, ouvertes","breadcrumb":{"@id":"https:\/\/www.aikido-ffab-ra.org\/?p=3913#breadcrumb"},"inLanguage":"fr-FR","potentialAction":[{"@type":"ReadAction","target":["https:\/\/www.aikido-ffab-ra.org\/?p=3913"]}]},{"@type":"BreadcrumbList","@id":"https:\/\/www.aikido-ffab-ra.org\/?p=3913#breadcrumb","itemListElement":[{"@type":"ListItem","position":1,"name":"Accueil","item":"https:\/\/www.aikido-ffab-ra.org\/"},{"@type":"ListItem","position":2,"name":"Stages","item":"https:\/\/www.aikido-ffab-ra.org\/?cat=37"},{"@type":"ListItem","position":3,"name":"Ecoles des Cadres &#038; Stage JEUNES &#8211; 03\/12\/2022"}]},{"@type":"WebSite","@id":"https:\/\/www.aikido-ffab-ra.org\/#website","url":"https:\/\/www.aikido-ffab-ra.org\/","name":"CILAB","description":"","publisher":{"@id":"https:\/\/www.aikido-ffab-ra.org\/#organization"},"potentialAction":[{"@type":"SearchAction","target":{"@type":"EntryPoint","urlTemplate":"https:\/\/www.aikido-ffab-ra.org\/?s={search_term_string}"},"query-input":"required name=search_term_string"}],"inLanguage":"fr-FR"},{"@type":"Organization","@id":"https:\/\/www.aikido-ffab-ra.org\/#organization","name":"CILAB","url":"https:\/\/www.aikido-ffab-ra.org\/","sameAs":["https:\/\/www.instagram.com\/cilab.aikido\/","https:\/\/www.youtube.com\/channel\/UCt35Eapug9SYepppTidRLbA?app=desktop","https:\/\/www.facebook.com\/aikido.cilab.7"],"logo":{"@type":"ImageObject","inLanguage":"fr-FR","@id":"https:\/\/www.aikido-ffab-ra.org\/#\/schema\/logo\/image\/","url":"https:\/\/www.aikido-ffab-ra.org\/wp-content\/uploads\/2021\/03\/Logo-cilab.png","contentUrl":"https:\/\/www.aikido-ffab-ra.org\/wp-content\/uploads\/2021\/03\/Logo-cilab.png","width":99,"height":100,"caption":"CILAB"},"image":{"@id":"https:\/\/www.aikido-ffab-ra.org\/#\/schema\/logo\/image\/"}},{"@type":"Person","@id":"https:\/\/www.aikido-ffab-ra.org\/#\/schema\/person\/2e632fb129db4dc790a8f2ee37bfda73","name":"CILAB FFAB","image":{"@type":"ImageObject","inLanguage":"fr-FR","@id":"https:\/\/www.aikido-ffab-ra.org\/#\/schema\/person\/image\/","url":"https:\/\/secure.gravatar.com\/avatar\/4819e8da7a8cec51602dd58961a959bccd8ee02ef786afeae67e12aa2acf36e8?s=96&d=mm&r=g","contentUrl":"https:\/\/secure.gravatar.com\/avatar\/4819e8da7a8cec51602dd58961a959bccd8ee02ef786afeae67e12aa2acf36e8?s=96&d=mm&r=g","caption":"CILAB FFAB"}}]}},"_links":{"self":[{"href":"https:\/\/www.aikido-ffab-ra.org\/index.php?rest_route=\/wp\/v2\/posts\/3913","targetHints":{"allow":["GET"]}}],"collection":[{"href":"https:\/\/www.aikido-ffab-ra.org\/index.php?rest_route=\/wp\/v2\/posts"}],"about":[{"href":"https:\/\/www.aikido-ffab-ra.org\/index.php?rest_route=\/wp\/v2\/types\/post"}],"author":[{"embeddable":true,"href":"https:\/\/www.aikido-ffab-ra.org\/index.php?rest_route=\/wp\/v2\/users\/3"}],"replies":[{"embeddable":true,"href":"https:\/\/www.aikido-ffab-ra.org\/index.php?rest_route=%2Fwp%2Fv2%2Fcomments&post=3913"}],"version-history":[{"count":3,"href":"https:\/\/www.aikido-ffab-ra.org\/index.php?rest_route=\/wp\/v2\/posts\/3913\/revisions"}],"predecessor-version":[{"id":3917,"href":"https:\/\/www.aikido-ffab-ra.org\/index.php?rest_route=\/wp\/v2\/posts\/3913\/revisions\/3917"}],"wp:featuredmedia":[{"embeddable":true,"href":"https:\/\/www.aikido-ffab-ra.org\/index.php?rest_route=\/wp\/v2\/media\/3915"}],"wp:attachment":[{"href":"https:\/\/www.aikido-ffab-ra.org\/index.php?rest_route=%2Fwp%2Fv2%2Fmedia&parent=3913"}],"wp:term":[{"taxonomy":"category","embeddable":true,"href":"https:\/\/www.aikido-ffab-ra.org\/index.php?rest_route=%2Fwp%2Fv2%2Fcategories&post=3913"},{"taxonomy":"post_tag","embeddable":true,"href":"https:\/\/www.aikido-ffab-ra.org\/index.php?rest_route=%2Fwp%2Fv2%2Ftags&post=3913"}],"curies":[{"name":"wp","href":"https:\/\/api.w.org\/{rel}","templated":true}]}}