{"id":3918,"date":"2022-10-27T09:21:57","date_gmt":"2022-10-27T07:21:57","guid":{"rendered":"https:\/\/www.aikido-ffab-ra.org\/?p=3918"},"modified":"2023-01-23T19:50:41","modified_gmt":"2023-01-23T18:50:41","slug":"stage-sempai-kohai-10-12-2022","status":"publish","type":"post","link":"https:\/\/www.aikido-ffab-ra.org\/?p=3918","title":{"rendered":"Stage Sempa\u00ef\/Koha\u00ef &#8211; 10\/12\/2022"},"content":{"rendered":"<p>Les stages Sempa\u00ef\/Koha\u00ef du CILAB sont <strong>ouverts \u00e0 tous<\/strong>, avec le souhait que les confirm\u00e9s (les Sempa\u00ef) du Lyonnais accompagnent les d\u00e9butants (Les Koha\u00ef) de leurs clubs en stage, afin d&rsquo;inciter les d\u00e9butants \u00e0 sortir de leur dojo en \u00e9tant entour\u00e9s des anciens pratiquants &#8230;<\/p>\n<ul>\n<li><strong>Samedi 10 d\u00e9cembre 2022<\/strong><\/li>\n<li>De 9h30 \u00e0 12h00 et de 15h00 \u00e0 17h30<\/li>\n<li><a href=\"https:\/\/akdstdb.over-blog.com\/page-8291710.html\">A\u00efkido Club de Saint denis les bourgs, 289 all\u00e9e des sports<\/a><\/li>\n<li>Anim\u00e9 par Annie Duffours &amp; Philippe Montagnier<\/li>\n<\/ul>\n<p><img loading=\"lazy\" decoding=\"async\" class=\"alignnone size-full wp-image-3919\" src=\"https:\/\/www.aikido-ffab-ra.org\/wp-content\/uploads\/stages\/stage-sempai-kohai-10-12-2022\/2022-12-10-Sempai_Kohai-St-Denis-les-bourgs-Duffours_Montagnier.jpg\" alt=\"2022-12-10-AIKIDO Sempai_Kohai-St Denis les bourgs-Duffours_Montagnier\" width=\"694\" height=\"982\" srcset=\"https:\/\/www.aikido-ffab-ra.org\/wp-content\/uploads\/stages\/stage-sempai-kohai-10-12-2022\/2022-12-10-Sempai_Kohai-St-Denis-les-bourgs-Duffours_Montagnier.jpg 694w, https:\/\/www.aikido-ffab-ra.org\/wp-content\/uploads\/stages\/stage-sempai-kohai-10-12-2022\/2022-12-10-Sempai_Kohai-St-Denis-les-bourgs-Duffours_Montagnier-450x637.jpg 450w\" sizes=\"auto, (max-width: 694px) 100vw, 694px\" \/><\/p>\n","protected":false},"excerpt":{"rendered":"<p>Les stages Sempa\u00ef\/Koha\u00ef du CILAB sont ouverts \u00e0 tous, avec le souhait que les confirm\u00e9s (les Sempa\u00ef) du Lyonnais accompagnent les d\u00e9butants (Les Koha\u00ef) de leurs clubs en stage, afin d&rsquo;inciter les d\u00e9butants \u00e0 sortir de leur dojo en \u00e9tant entour\u00e9s des anciens pratiquants &#8230; Samedi 10 d\u00e9cembre 2022 De 9h30 \u00e0 12h00 et de [&hellip;]<\/p>\n","protected":false},"author":3,"featured_media":3919,"comment_status":"open","ping_status":"open","sticky":false,"template":"","format":"standard","meta":{"footnotes":""},"categories":[37],"tags":[],"class_list":["post-3918","post","type-post","status-publish","format-standard","has-post-thumbnail","hentry","category-stages","entry","has-media"],"yoast_head":"<!-- This site is optimized with the Yoast SEO plugin v19.7.1 - https:\/\/yoast.com\/wordpress\/plugins\/seo\/ -->\n<title>Stage Sempa\u00ef\/Koha\u00ef - 10\/12\/2022 - CILAB<\/title>\n<meta name=\"description\" content=\"Les stages Sempa\u00ef\/Koha\u00ef du CILAB sont ouverts \u00e0 tous, avec le souhait que les confirm\u00e9s (les Sempa\u00ef) du Lyonnais accompagnent les d\u00e9butants (Les Koha\u00ef) de\" \/>\n<meta name=\"robots\" content=\"index, follow, max-snippet:-1, max-image-preview:large, max-video-preview:-1\" \/>\n<link rel=\"canonical\" href=\"https:\/\/www.aikido-ffab-ra.org\/?p=3918\" \/>\n<meta property=\"og:locale\" content=\"fr_FR\" \/>\n<meta property=\"og:type\" content=\"article\" \/>\n<meta property=\"og:title\" content=\"Stage Sempa\u00ef\/Koha\u00ef - 10\/12\/2022 - CILAB\" \/>\n<meta property=\"og:description\" content=\"Les stages Sempa\u00ef\/Koha\u00ef du CILAB sont ouverts \u00e0 tous, avec le souhait que les confirm\u00e9s (les Sempa\u00ef) du Lyonnais accompagnent les d\u00e9butants (Les Koha\u00ef) de\" \/>\n<meta property=\"og:url\" content=\"https:\/\/www.aikido-ffab-ra.org\/?p=3918\" \/>\n<meta property=\"og:site_name\" content=\"CILAB\" \/>\n<meta property=\"article:publisher\" content=\"https:\/\/www.facebook.com\/aikido.cilab.7\" \/>\n<meta property=\"article:published_time\" content=\"2022-10-27T07:21:57+00:00\" \/>\n<meta property=\"article:modified_time\" content=\"2023-01-23T18:50:41+00:00\" \/>\n<meta property=\"og:image\" content=\"https:\/\/www.aikido-ffab-ra.org\/wp-content\/uploads\/stages\/stage-sempai-kohai-10-12-2022\/2022-12-10-Sempai_Kohai-St-Denis-les-bourgs-Duffours_Montagnier.jpg\" \/>\n\t<meta property=\"og:image:width\" content=\"694\" \/>\n\t<meta property=\"og:image:height\" content=\"982\" \/>\n\t<meta property=\"og:image:type\" content=\"image\/jpeg\" \/>\n<meta name=\"author\" content=\"CILAB FFAB\" \/>\n<meta name=\"twitter:card\" content=\"summary_large_image\" \/>\n<meta name=\"twitter:label1\" content=\"\u00c9crit par\" \/>\n\t<meta name=\"twitter:data1\" content=\"CILAB FFAB\" \/>\n\t<meta name=\"twitter:label2\" content=\"Dur\u00e9e de lecture estim\u00e9e\" \/>\n\t<meta name=\"twitter:data2\" content=\"1 minute\" \/>\n<script type=\"application\/ld+json\" class=\"yoast-schema-graph\">{\"@context\":\"https:\/\/schema.org\",\"@graph\":[{\"@type\":\"Article\",\"@id\":\"https:\/\/www.aikido-ffab-ra.org\/?p=3918#article\",\"isPartOf\":{\"@id\":\"https:\/\/www.aikido-ffab-ra.org\/?p=3918\"},\"author\":{\"name\":\"CILAB FFAB\",\"@id\":\"https:\/\/www.aikido-ffab-ra.org\/#\/schema\/person\/2e632fb129db4dc790a8f2ee37bfda73\"},\"headline\":\"Stage Sempa\u00ef\/Koha\u00ef &#8211; 10\/12\/2022\",\"datePublished\":\"2022-10-27T07:21:57+00:00\",\"dateModified\":\"2023-01-23T18:50:41+00:00\",\"mainEntityOfPage\":{\"@id\":\"https:\/\/www.aikido-ffab-ra.org\/?p=3918\"},\"wordCount\":80,\"commentCount\":0,\"publisher\":{\"@id\":\"https:\/\/www.aikido-ffab-ra.org\/#organization\"},\"articleSection\":[\"Stages\"],\"inLanguage\":\"fr-FR\",\"potentialAction\":[{\"@type\":\"CommentAction\",\"name\":\"Comment\",\"target\":[\"https:\/\/www.aikido-ffab-ra.org\/?p=3918#respond\"]}]},{\"@type\":\"WebPage\",\"@id\":\"https:\/\/www.aikido-ffab-ra.org\/?p=3918\",\"url\":\"https:\/\/www.aikido-ffab-ra.org\/?p=3918\",\"name\":\"Stage Sempa\u00ef\/Koha\u00ef - 10\/12\/2022 - CILAB\",\"isPartOf\":{\"@id\":\"https:\/\/www.aikido-ffab-ra.org\/#website\"},\"datePublished\":\"2022-10-27T07:21:57+00:00\",\"dateModified\":\"2023-01-23T18:50:41+00:00\",\"description\":\"Les stages Sempa\u00ef\/Koha\u00ef du CILAB sont ouverts \u00e0 tous, avec le souhait que les confirm\u00e9s (les Sempa\u00ef) du Lyonnais accompagnent les d\u00e9butants (Les Koha\u00ef) de\",\"breadcrumb\":{\"@id\":\"https:\/\/www.aikido-ffab-ra.org\/?p=3918#breadcrumb\"},\"inLanguage\":\"fr-FR\",\"potentialAction\":[{\"@type\":\"ReadAction\",\"target\":[\"https:\/\/www.aikido-ffab-ra.org\/?p=3918\"]}]},{\"@type\":\"BreadcrumbList\",\"@id\":\"https:\/\/www.aikido-ffab-ra.org\/?p=3918#breadcrumb\",\"itemListElement\":[{\"@type\":\"ListItem\",\"position\":1,\"name\":\"Accueil\",\"item\":\"https:\/\/www.aikido-ffab-ra.org\/\"},{\"@type\":\"ListItem\",\"position\":2,\"name\":\"Stages\",\"item\":\"https:\/\/www.aikido-ffab-ra.org\/?cat=37\"},{\"@type\":\"ListItem\",\"position\":3,\"name\":\"Stage Sempa\u00ef\/Koha\u00ef &#8211; 10\/12\/2022\"}]},{\"@type\":\"WebSite\",\"@id\":\"https:\/\/www.aikido-ffab-ra.org\/#website\",\"url\":\"https:\/\/www.aikido-ffab-ra.org\/\",\"name\":\"CILAB\",\"description\":\"\",\"publisher\":{\"@id\":\"https:\/\/www.aikido-ffab-ra.org\/#organization\"},\"potentialAction\":[{\"@type\":\"SearchAction\",\"target\":{\"@type\":\"EntryPoint\",\"urlTemplate\":\"https:\/\/www.aikido-ffab-ra.org\/?s={search_term_string}\"},\"query-input\":\"required name=search_term_string\"}],\"inLanguage\":\"fr-FR\"},{\"@type\":\"Organization\",\"@id\":\"https:\/\/www.aikido-ffab-ra.org\/#organization\",\"name\":\"CILAB\",\"url\":\"https:\/\/www.aikido-ffab-ra.org\/\",\"sameAs\":[\"https:\/\/www.instagram.com\/cilab.aikido\/\",\"https:\/\/www.youtube.com\/channel\/UCt35Eapug9SYepppTidRLbA?app=desktop\",\"https:\/\/www.facebook.com\/aikido.cilab.7\"],\"logo\":{\"@type\":\"ImageObject\",\"inLanguage\":\"fr-FR\",\"@id\":\"https:\/\/www.aikido-ffab-ra.org\/#\/schema\/logo\/image\/\",\"url\":\"https:\/\/www.aikido-ffab-ra.org\/wp-content\/uploads\/2021\/03\/Logo-cilab.png\",\"contentUrl\":\"https:\/\/www.aikido-ffab-ra.org\/wp-content\/uploads\/2021\/03\/Logo-cilab.png\",\"width\":99,\"height\":100,\"caption\":\"CILAB\"},\"image\":{\"@id\":\"https:\/\/www.aikido-ffab-ra.org\/#\/schema\/logo\/image\/\"}},{\"@type\":\"Person\",\"@id\":\"https:\/\/www.aikido-ffab-ra.org\/#\/schema\/person\/2e632fb129db4dc790a8f2ee37bfda73\",\"name\":\"CILAB FFAB\",\"image\":{\"@type\":\"ImageObject\",\"inLanguage\":\"fr-FR\",\"@id\":\"https:\/\/www.aikido-ffab-ra.org\/#\/schema\/person\/image\/\",\"url\":\"https:\/\/secure.gravatar.com\/avatar\/4819e8da7a8cec51602dd58961a959bccd8ee02ef786afeae67e12aa2acf36e8?s=96&d=mm&r=g\",\"contentUrl\":\"https:\/\/secure.gravatar.com\/avatar\/4819e8da7a8cec51602dd58961a959bccd8ee02ef786afeae67e12aa2acf36e8?s=96&d=mm&r=g\",\"caption\":\"CILAB FFAB\"}}]}<\/script>\n<!-- \/ Yoast SEO plugin. -->","yoast_head_json":{"title":"Stage Sempa\u00ef\/Koha\u00ef - 10\/12\/2022 - CILAB","description":"Les stages Sempa\u00ef\/Koha\u00ef du CILAB sont ouverts \u00e0 tous, avec le souhait que les confirm\u00e9s (les Sempa\u00ef) du Lyonnais accompagnent les d\u00e9butants (Les Koha\u00ef) de","robots":{"index":"index","follow":"follow","max-snippet":"max-snippet:-1","max-image-preview":"max-image-preview:large","max-video-preview":"max-video-preview:-1"},"canonical":"https:\/\/www.aikido-ffab-ra.org\/?p=3918","og_locale":"fr_FR","og_type":"article","og_title":"Stage Sempa\u00ef\/Koha\u00ef - 10\/12\/2022 - CILAB","og_description":"Les stages Sempa\u00ef\/Koha\u00ef du CILAB sont ouverts \u00e0 tous, avec le souhait que les confirm\u00e9s (les Sempa\u00ef) du Lyonnais accompagnent les d\u00e9butants (Les Koha\u00ef) de","og_url":"https:\/\/www.aikido-ffab-ra.org\/?p=3918","og_site_name":"CILAB","article_publisher":"https:\/\/www.facebook.com\/aikido.cilab.7","article_published_time":"2022-10-27T07:21:57+00:00","article_modified_time":"2023-01-23T18:50:41+00:00","og_image":[{"width":694,"height":982,"url":"https:\/\/www.aikido-ffab-ra.org\/wp-content\/uploads\/stages\/stage-sempai-kohai-10-12-2022\/2022-12-10-Sempai_Kohai-St-Denis-les-bourgs-Duffours_Montagnier.jpg","type":"image\/jpeg"}],"author":"CILAB FFAB","twitter_card":"summary_large_image","twitter_misc":{"\u00c9crit par":"CILAB FFAB","Dur\u00e9e de lecture estim\u00e9e":"1 minute"},"schema":{"@context":"https:\/\/schema.org","@graph":[{"@type":"Article","@id":"https:\/\/www.aikido-ffab-ra.org\/?p=3918#article","isPartOf":{"@id":"https:\/\/www.aikido-ffab-ra.org\/?p=3918"},"author":{"name":"CILAB FFAB","@id":"https:\/\/www.aikido-ffab-ra.org\/#\/schema\/person\/2e632fb129db4dc790a8f2ee37bfda73"},"headline":"Stage Sempa\u00ef\/Koha\u00ef &#8211; 10\/12\/2022","datePublished":"2022-10-27T07:21:57+00:00","dateModified":"2023-01-23T18:50:41+00:00","mainEntityOfPage":{"@id":"https:\/\/www.aikido-ffab-ra.org\/?p=3918"},"wordCount":80,"commentCount":0,"publisher":{"@id":"https:\/\/www.aikido-ffab-ra.org\/#organization"},"articleSection":["Stages"],"inLanguage":"fr-FR","potentialAction":[{"@type":"CommentAction","name":"Comment","target":["https:\/\/www.aikido-ffab-ra.org\/?p=3918#respond"]}]},{"@type":"WebPage","@id":"https:\/\/www.aikido-ffab-ra.org\/?p=3918","url":"https:\/\/www.aikido-ffab-ra.org\/?p=3918","name":"Stage Sempa\u00ef\/Koha\u00ef - 10\/12\/2022 - CILAB","isPartOf":{"@id":"https:\/\/www.aikido-ffab-ra.org\/#website"},"datePublished":"2022-10-27T07:21:57+00:00","dateModified":"2023-01-23T18:50:41+00:00","description":"Les stages Sempa\u00ef\/Koha\u00ef du CILAB sont ouverts \u00e0 tous, avec le souhait que les confirm\u00e9s (les Sempa\u00ef) du Lyonnais accompagnent les d\u00e9butants (Les Koha\u00ef) de","breadcrumb":{"@id":"https:\/\/www.aikido-ffab-ra.org\/?p=3918#breadcrumb"},"inLanguage":"fr-FR","potentialAction":[{"@type":"ReadAction","target":["https:\/\/www.aikido-ffab-ra.org\/?p=3918"]}]},{"@type":"BreadcrumbList","@id":"https:\/\/www.aikido-ffab-ra.org\/?p=3918#breadcrumb","itemListElement":[{"@type":"ListItem","position":1,"name":"Accueil","item":"https:\/\/www.aikido-ffab-ra.org\/"},{"@type":"ListItem","position":2,"name":"Stages","item":"https:\/\/www.aikido-ffab-ra.org\/?cat=37"},{"@type":"ListItem","position":3,"name":"Stage Sempa\u00ef\/Koha\u00ef &#8211; 10\/12\/2022"}]},{"@type":"WebSite","@id":"https:\/\/www.aikido-ffab-ra.org\/#website","url":"https:\/\/www.aikido-ffab-ra.org\/","name":"CILAB","description":"","publisher":{"@id":"https:\/\/www.aikido-ffab-ra.org\/#organization"},"potentialAction":[{"@type":"SearchAction","target":{"@type":"EntryPoint","urlTemplate":"https:\/\/www.aikido-ffab-ra.org\/?s={search_term_string}"},"query-input":"required name=search_term_string"}],"inLanguage":"fr-FR"},{"@type":"Organization","@id":"https:\/\/www.aikido-ffab-ra.org\/#organization","name":"CILAB","url":"https:\/\/www.aikido-ffab-ra.org\/","sameAs":["https:\/\/www.instagram.com\/cilab.aikido\/","https:\/\/www.youtube.com\/channel\/UCt35Eapug9SYepppTidRLbA?app=desktop","https:\/\/www.facebook.com\/aikido.cilab.7"],"logo":{"@type":"ImageObject","inLanguage":"fr-FR","@id":"https:\/\/www.aikido-ffab-ra.org\/#\/schema\/logo\/image\/","url":"https:\/\/www.aikido-ffab-ra.org\/wp-content\/uploads\/2021\/03\/Logo-cilab.png","contentUrl":"https:\/\/www.aikido-ffab-ra.org\/wp-content\/uploads\/2021\/03\/Logo-cilab.png","width":99,"height":100,"caption":"CILAB"},"image":{"@id":"https:\/\/www.aikido-ffab-ra.org\/#\/schema\/logo\/image\/"}},{"@type":"Person","@id":"https:\/\/www.aikido-ffab-ra.org\/#\/schema\/person\/2e632fb129db4dc790a8f2ee37bfda73","name":"CILAB FFAB","image":{"@type":"ImageObject","inLanguage":"fr-FR","@id":"https:\/\/www.aikido-ffab-ra.org\/#\/schema\/person\/image\/","url":"https:\/\/secure.gravatar.com\/avatar\/4819e8da7a8cec51602dd58961a959bccd8ee02ef786afeae67e12aa2acf36e8?s=96&d=mm&r=g","contentUrl":"https:\/\/secure.gravatar.com\/avatar\/4819e8da7a8cec51602dd58961a959bccd8ee02ef786afeae67e12aa2acf36e8?s=96&d=mm&r=g","caption":"CILAB FFAB"}}]}},"_links":{"self":[{"href":"https:\/\/www.aikido-ffab-ra.org\/index.php?rest_route=\/wp\/v2\/posts\/3918","targetHints":{"allow":["GET"]}}],"collection":[{"href":"https:\/\/www.aikido-ffab-ra.org\/index.php?rest_route=\/wp\/v2\/posts"}],"about":[{"href":"https:\/\/www.aikido-ffab-ra.org\/index.php?rest_route=\/wp\/v2\/types\/post"}],"author":[{"embeddable":true,"href":"https:\/\/www.aikido-ffab-ra.org\/index.php?rest_route=\/wp\/v2\/users\/3"}],"replies":[{"embeddable":true,"href":"https:\/\/www.aikido-ffab-ra.org\/index.php?rest_route=%2Fwp%2Fv2%2Fcomments&post=3918"}],"version-history":[{"count":2,"href":"https:\/\/www.aikido-ffab-ra.org\/index.php?rest_route=\/wp\/v2\/posts\/3918\/revisions"}],"predecessor-version":[{"id":3921,"href":"https:\/\/www.aikido-ffab-ra.org\/index.php?rest_route=\/wp\/v2\/posts\/3918\/revisions\/3921"}],"wp:featuredmedia":[{"embeddable":true,"href":"https:\/\/www.aikido-ffab-ra.org\/index.php?rest_route=\/wp\/v2\/media\/3919"}],"wp:attachment":[{"href":"https:\/\/www.aikido-ffab-ra.org\/index.php?rest_route=%2Fwp%2Fv2%2Fmedia&parent=3918"}],"wp:term":[{"taxonomy":"category","embeddable":true,"href":"https:\/\/www.aikido-ffab-ra.org\/index.php?rest_route=%2Fwp%2Fv2%2Fcategories&post=3918"},{"taxonomy":"post_tag","embeddable":true,"href":"https:\/\/www.aikido-ffab-ra.org\/index.php?rest_route=%2Fwp%2Fv2%2Ftags&post=3918"}],"curies":[{"name":"wp","href":"https:\/\/api.w.org\/{rel}","templated":true}]}}