{"id":3965,"date":"2023-01-23T16:37:29","date_gmt":"2023-01-23T15:37:29","guid":{"rendered":"https:\/\/www.aikido-ffab-ra.org\/?p=3965"},"modified":"2023-03-21T13:45:45","modified_gmt":"2023-03-21T12:45:45","slug":"deces-de-yamada-shihan","status":"publish","type":"post","link":"https:\/\/www.aikido-ffab-ra.org\/?p=3965","title":{"rendered":"DECES DE YAMADA SHIHAN"},"content":{"rendered":"<div><strong>Yamada Shihan a \u00e9t\u00e9 pr\u00e9sent pendant des ann\u00e9es dans le lyonnais avec sa gentillesse et simplicit\u00e9 pour ceux qui l\u2019ont c\u00f4toy\u00e9s.<\/strong><\/div>\n<div><img loading=\"lazy\" decoding=\"async\" class=\"alignnone size-full wp-image-3966\" src=\"https:\/\/www.aikido-ffab-ra.org\/wp-content\/uploads\/actualites\/deces-de-yamada-shihan\/Yamada-Shihan.jpg\" alt=\"Yamada Shihan\" width=\"395\" height=\"370\" \/><\/div>\n<div>\n<blockquote>\n<div>\n<div>\n<div>Cher(e)s Ami(e)s,<u><\/u><u><\/u><\/div>\n<div><u><\/u>\u00a0<u><\/u><\/div>\n<div>C\u2019est avec une immense tristesse que nous vous faisons part du d\u00e9c\u00e8s de YAMADA Shihan survenu le 15 janvier 2023 \u00e0 l\u2019\u00e2ge de 85 ans.<u><\/u><u><\/u><\/div>\n<div><u><\/u>\u00a0<u><\/u><\/div>\n<div>Vous trouverez ci-dessous le message de l\u2019A\u00efkika\u00ef de New York.<u><\/u><u><\/u><\/div>\n<div><u><\/u>\u00a0<u><\/u><\/div>\n<div>Si des \u00e9v\u00e8nements particuliers \u00e9taient mis en place par l\u2019A\u00efkika\u00ef de New York, nous ne manquerions pas de vous tenir inform\u00e9s.<u><\/u><u><\/u><\/div>\n<div><u><\/u>\u00a0<u><\/u><\/div>\n<div>Nous avons une pens\u00e9e toute particuli\u00e8re pour sa famille mais aussi pour tous les pratiquants qui travaillaient avec YAMADA Shihan aux Etats-Unis et dans le monde entier.<u><\/u><u><\/u><\/div>\n<div><u><\/u>\u00a0<u><\/u><\/div>\n<div>Amicalement<u><\/u><u><\/u><\/div>\n<div><u><\/u>\u00a0<u><\/u><\/div>\n<div>Michel GILLET &#8211; Pr\u00e9sident FFAB<u><\/u><\/div>\n<div><u><\/u>\u00a0<u><\/u><\/div>\n<div><u><\/u>\u00a0<u><\/u><\/div>\n<div>Ch\u00e8re communaut\u00e9 Aikikai de New York,<u><\/u><u><\/u><\/div>\n<div>C&rsquo;est avec une grande douleur que nous annon\u00e7ons le d\u00e9c\u00e8s de notre professeur bien-aim\u00e9, Yoshimitsu Yamada Shihan.<u><\/u><u><\/u><\/div>\n<div>Yamada Sensei est mort paisiblement le dimanche 15 janvier 2023, sous la prise en charge des m\u00e9decins \u00e0 l&rsquo;h\u00f4pital Mont Sinai avec sa famille \u00e0 ses c\u00f4t\u00e9s.<u><\/u><u><\/u><\/div>\n<div>Les fun\u00e9railles priv\u00e9es sont organis\u00e9es par la famille de Sensei. Veuillez respecter leur vie priv\u00e9e pendant cette p\u00e9riode difficile.<u><\/u><u><\/u><\/div>\n<div>L&rsquo;Aikikai de New York tiendra un m\u00e9morial \u00e0 une date ult\u00e9rieure qui sera ouvert \u00e0 tous ceux qui ont aim\u00e9 et appris de lui. Nous savons que beaucoup d&rsquo;entre vous voudront exprimer leurs sympathies d&rsquo;une certaine mani\u00e8re. Nous ferons quelques suggestions appropri\u00e9es sous peu.<u><\/u><u><\/u><\/div>\n<div>Yamada Sensei est arriv\u00e9 \u00e0 New York en 1964 pour devenir instructeur en chef \u00e0 l&rsquo;Aikikai de New York. Il a commenc\u00e9 l&rsquo;a\u00efkido \u00e0 17 ans au dojo honbu, au si\u00e8ge d&rsquo;Aikikai, en tant qu&rsquo;uchi deshi (\u00e9tudiant vivant) \u00e0 O Sensei. Il a non seulement construit l&rsquo;Aikikai de New York en une \u00e9cole d&rsquo;Aikido de classe mondiale, mais il a aussi aid\u00e9 \u00e0 r\u00e9pandre l&rsquo;art conjugal relativement inconnu dans une communaut\u00e9 prosp\u00e8re \u00e0 travers les \u00c9tats-Unis, et plus tard, \u00e0 l&rsquo; Grand partisan de l&rsquo;individualit\u00e9 et de l&rsquo;entra\u00eenement de plein c\u0153ur, ses classes ont mont\u00e9 en fl\u00e8che avec l&rsquo;harmonie et la puissance d&rsquo;une symphonie, inspirant tous \u00e0 donner le meilleur<u><\/u><u><\/u><\/div>\n<div>L&rsquo;Aikikai de New York restera ouvert comme le souhaitait Yamada Sensei. Il n&rsquo;aimait rien de plus que les grandes classes avec de l&rsquo;esprit \u00e9lev\u00e9, alors s&rsquo;il vous pla\u00eet honorez-le en vous entra\u00eenant comme Son incroyable \u00e9nergie et sa g\u00e9n\u00e9rosit\u00e9 d&rsquo;esprit seront l\u00e0 sur le tapis pour nous tous\u00a0\u00bb.<u><\/u><u><\/u><\/div>\n<div>Yoshimitsu Yamada<u><\/u><u><\/u><\/div>\n<div>17 f\u00e9vrier 1938 &#8211; 15 janvier 2023<u><\/u><u><\/u><\/div>\n<div>Le conseil d&rsquo;administration de l&rsquo;Aikikai de New York<u><\/u><u><\/u><\/div>\n<div><a href=\"https:\/\/www.facebook.com\/hashtag\/aikido?__eep__=6&amp;__cft__%5b0%5d=AZXADR_vXlS_aGAOEtTglSWJlzhcsqDa1iBPjw316Q9vEnFNVlYhQ7kZV8lljuVs0vVGYL4gUoXyuUH52lUqU9s7levCHHWY7JQwgyZK8fF07wIoDmMiivPmFuZttYDcfUWENdMyuKl-6iwTJPClvRX8x59kmaSSqgYENfv5QZ8rtA&amp;__tn__=*NK-R\" target=\"_blank\" rel=\"noopener\" data-saferedirecturl=\"https:\/\/www.google.com\/url?q=https:\/\/www.facebook.com\/hashtag\/aikido?__eep__%3D6%26__cft__%255b0%255d%3DAZXADR_vXlS_aGAOEtTglSWJlzhcsqDa1iBPjw316Q9vEnFNVlYhQ7kZV8lljuVs0vVGYL4gUoXyuUH52lUqU9s7levCHHWY7JQwgyZK8fF07wIoDmMiivPmFuZttYDcfUWENdMyuKl-6iwTJPClvRX8x59kmaSSqgYENfv5QZ8rtA%26__tn__%3D*NK-R&amp;source=gmail&amp;ust=1674549454857000&amp;usg=AOvVaw3ANkBnC9PR_phSp51Rja4g\">#aikido<\/a>\u00a0<a href=\"https:\/\/www.facebook.com\/hashtag\/nyaikikai?__eep__=6&amp;__cft__%5b0%5d=AZXADR_vXlS_aGAOEtTglSWJlzhcsqDa1iBPjw316Q9vEnFNVlYhQ7kZV8lljuVs0vVGYL4gUoXyuUH52lUqU9s7levCHHWY7JQwgyZK8fF07wIoDmMiivPmFuZttYDcfUWENdMyuKl-6iwTJPClvRX8x59kmaSSqgYENfv5QZ8rtA&amp;__tn__=*NK-R\" target=\"_blank\" rel=\"noopener\" data-saferedirecturl=\"https:\/\/www.google.com\/url?q=https:\/\/www.facebook.com\/hashtag\/nyaikikai?__eep__%3D6%26__cft__%255b0%255d%3DAZXADR_vXlS_aGAOEtTglSWJlzhcsqDa1iBPjw316Q9vEnFNVlYhQ7kZV8lljuVs0vVGYL4gUoXyuUH52lUqU9s7levCHHWY7JQwgyZK8fF07wIoDmMiivPmFuZttYDcfUWENdMyuKl-6iwTJPClvRX8x59kmaSSqgYENfv5QZ8rtA%26__tn__%3D*NK-R&amp;source=gmail&amp;ust=1674549454857000&amp;usg=AOvVaw0SH7JulVeD0qE0OgC06GAF\">#nyaikikai<\/a>\u00a0<a href=\"https:\/\/www.facebook.com\/hashtag\/newyorkaikikai?__eep__=6&amp;__cft__%5b0%5d=AZXADR_vXlS_aGAOEtTglSWJlzhcsqDa1iBPjw316Q9vEnFNVlYhQ7kZV8lljuVs0vVGYL4gUoXyuUH52lUqU9s7levCHHWY7JQwgyZK8fF07wIoDmMiivPmFuZttYDcfUWENdMyuKl-6iwTJPClvRX8x59kmaSSqgYENfv5QZ8rtA&amp;__tn__=*NK-R\" target=\"_blank\" rel=\"noopener\" data-saferedirecturl=\"https:\/\/www.google.com\/url?q=https:\/\/www.facebook.com\/hashtag\/newyorkaikikai?__eep__%3D6%26__cft__%255b0%255d%3DAZXADR_vXlS_aGAOEtTglSWJlzhcsqDa1iBPjw316Q9vEnFNVlYhQ7kZV8lljuVs0vVGYL4gUoXyuUH52lUqU9s7levCHHWY7JQwgyZK8fF07wIoDmMiivPmFuZttYDcfUWENdMyuKl-6iwTJPClvRX8x59kmaSSqgYENfv5QZ8rtA%26__tn__%3D*NK-R&amp;source=gmail&amp;ust=1674549454857000&amp;usg=AOvVaw11E5phfWlPKAWaT80wyH0f\">#<wbr \/>newyorkaikikai<\/a>\u00a0<a href=\"https:\/\/www.facebook.com\/hashtag\/yamadasensei?__eep__=6&amp;__cft__%5b0%5d=AZXADR_vXlS_aGAOEtTglSWJlzhcsqDa1iBPjw316Q9vEnFNVlYhQ7kZV8lljuVs0vVGYL4gUoXyuUH52lUqU9s7levCHHWY7JQwgyZK8fF07wIoDmMiivPmFuZttYDcfUWENdMyuKl-6iwTJPClvRX8x59kmaSSqgYENfv5QZ8rtA&amp;__tn__=*NK-R\" target=\"_blank\" rel=\"noopener\" data-saferedirecturl=\"https:\/\/www.google.com\/url?q=https:\/\/www.facebook.com\/hashtag\/yamadasensei?__eep__%3D6%26__cft__%255b0%255d%3DAZXADR_vXlS_aGAOEtTglSWJlzhcsqDa1iBPjw316Q9vEnFNVlYhQ7kZV8lljuVs0vVGYL4gUoXyuUH52lUqU9s7levCHHWY7JQwgyZK8fF07wIoDmMiivPmFuZttYDcfUWENdMyuKl-6iwTJPClvRX8x59kmaSSqgYENfv5QZ8rtA%26__tn__%3D*NK-R&amp;source=gmail&amp;ust=1674549454857000&amp;usg=AOvVaw32BzY_GL_V6vjePjM9U8qO\">#yamadasensei<\/a>\u00a0<a href=\"https:\/\/www.facebook.com\/hashtag\/yoshimitsuyamada?__eep__=6&amp;__cft__%5b0%5d=AZXADR_vXlS_aGAOEtTglSWJlzhcsqDa1iBPjw316Q9vEnFNVlYhQ7kZV8lljuVs0vVGYL4gUoXyuUH52lUqU9s7levCHHWY7JQwgyZK8fF07wIoDmMiivPmFuZttYDcfUWENdMyuKl-6iwTJPClvRX8x59kmaSSqgYENfv5QZ8rtA&amp;__tn__=*NK-R\" target=\"_blank\" rel=\"noopener\" data-saferedirecturl=\"https:\/\/www.google.com\/url?q=https:\/\/www.facebook.com\/hashtag\/yoshimitsuyamada?__eep__%3D6%26__cft__%255b0%255d%3DAZXADR_vXlS_aGAOEtTglSWJlzhcsqDa1iBPjw316Q9vEnFNVlYhQ7kZV8lljuVs0vVGYL4gUoXyuUH52lUqU9s7levCHHWY7JQwgyZK8fF07wIoDmMiivPmFuZttYDcfUWENdMyuKl-6iwTJPClvRX8x59kmaSSqgYENfv5QZ8rtA%26__tn__%3D*NK-R&amp;source=gmail&amp;ust=1674549454857000&amp;usg=AOvVaw0DmhdwdJ2rSUf4pBdlfRzH\">#<wbr \/>yoshimitsuyamada<\/a>\u00a0<a href=\"https:\/\/www.facebook.com\/hashtag\/martialarts?__eep__=6&amp;__cft__%5b0%5d=AZXADR_vXlS_aGAOEtTglSWJlzhcsqDa1iBPjw316Q9vEnFNVlYhQ7kZV8lljuVs0vVGYL4gUoXyuUH52lUqU9s7levCHHWY7JQwgyZK8fF07wIoDmMiivPmFuZttYDcfUWENdMyuKl-6iwTJPClvRX8x59kmaSSqgYENfv5QZ8rtA&amp;__tn__=*NK-R\" target=\"_blank\" rel=\"noopener\" data-saferedirecturl=\"https:\/\/www.google.com\/url?q=https:\/\/www.facebook.com\/hashtag\/martialarts?__eep__%3D6%26__cft__%255b0%255d%3DAZXADR_vXlS_aGAOEtTglSWJlzhcsqDa1iBPjw316Q9vEnFNVlYhQ7kZV8lljuVs0vVGYL4gUoXyuUH52lUqU9s7levCHHWY7JQwgyZK8fF07wIoDmMiivPmFuZttYDcfUWENdMyuKl-6iwTJPClvRX8x59kmaSSqgYENfv5QZ8rtA%26__tn__%3D*NK-R&amp;source=gmail&amp;ust=1674549454857000&amp;usg=AOvVaw2_fwzr2k4Z0c9kVKWssMLB\">#martialarts<\/a>\u00a0<a href=\"https:\/\/www.facebook.com\/hashtag\/thisisaikido?__eep__=6&amp;__cft__%5b0%5d=AZXADR_vXlS_aGAOEtTglSWJlzhcsqDa1iBPjw316Q9vEnFNVlYhQ7kZV8lljuVs0vVGYL4gUoXyuUH52lUqU9s7levCHHWY7JQwgyZK8fF07wIoDmMiivPmFuZttYDcfUWENdMyuKl-6iwTJPClvRX8x59kmaSSqgYENfv5QZ8rtA&amp;__tn__=*NK-R\" target=\"_blank\" rel=\"noopener\" data-saferedirecturl=\"https:\/\/www.google.com\/url?q=https:\/\/www.facebook.com\/hashtag\/thisisaikido?__eep__%3D6%26__cft__%255b0%255d%3DAZXADR_vXlS_aGAOEtTglSWJlzhcsqDa1iBPjw316Q9vEnFNVlYhQ7kZV8lljuVs0vVGYL4gUoXyuUH52lUqU9s7levCHHWY7JQwgyZK8fF07wIoDmMiivPmFuZttYDcfUWENdMyuKl-6iwTJPClvRX8x59kmaSSqgYENfv5QZ8rtA%26__tn__%3D*NK-R&amp;source=gmail&amp;ust=1674549454857000&amp;usg=AOvVaw04WdgPssH_QFZtjY890NnY\"><wbr \/>#thisisaikido<\/a>\u00a0<a href=\"https:\/\/www.facebook.com\/hashtag\/learnaikido?__eep__=6&amp;__cft__%5b0%5d=AZXADR_vXlS_aGAOEtTglSWJlzhcsqDa1iBPjw316Q9vEnFNVlYhQ7kZV8lljuVs0vVGYL4gUoXyuUH52lUqU9s7levCHHWY7JQwgyZK8fF07wIoDmMiivPmFuZttYDcfUWENdMyuKl-6iwTJPClvRX8x59kmaSSqgYENfv5QZ8rtA&amp;__tn__=*NK-R\" target=\"_blank\" rel=\"noopener\" data-saferedirecturl=\"https:\/\/www.google.com\/url?q=https:\/\/www.facebook.com\/hashtag\/learnaikido?__eep__%3D6%26__cft__%255b0%255d%3DAZXADR_vXlS_aGAOEtTglSWJlzhcsqDa1iBPjw316Q9vEnFNVlYhQ7kZV8lljuVs0vVGYL4gUoXyuUH52lUqU9s7levCHHWY7JQwgyZK8fF07wIoDmMiivPmFuZttYDcfUWENdMyuKl-6iwTJPClvRX8x59kmaSSqgYENfv5QZ8rtA%26__tn__%3D*NK-R&amp;source=gmail&amp;ust=1674549454857000&amp;usg=AOvVaw0aA_damqbloa4HYMSu7Jww\">#learnaikido<\/a>\u00a0<a href=\"https:\/\/www.facebook.com\/hashtag\/dojo?__eep__=6&amp;__cft__%5b0%5d=AZXADR_vXlS_aGAOEtTglSWJlzhcsqDa1iBPjw316Q9vEnFNVlYhQ7kZV8lljuVs0vVGYL4gUoXyuUH52lUqU9s7levCHHWY7JQwgyZK8fF07wIoDmMiivPmFuZttYDcfUWENdMyuKl-6iwTJPClvRX8x59kmaSSqgYENfv5QZ8rtA&amp;__tn__=*NK-R\" target=\"_blank\" rel=\"noopener\" data-saferedirecturl=\"https:\/\/www.google.com\/url?q=https:\/\/www.facebook.com\/hashtag\/dojo?__eep__%3D6%26__cft__%255b0%255d%3DAZXADR_vXlS_aGAOEtTglSWJlzhcsqDa1iBPjw316Q9vEnFNVlYhQ7kZV8lljuVs0vVGYL4gUoXyuUH52lUqU9s7levCHHWY7JQwgyZK8fF07wIoDmMiivPmFuZttYDcfUWENdMyuKl-6iwTJPClvRX8x59kmaSSqgYENfv5QZ8rtA%26__tn__%3D*NK-R&amp;source=gmail&amp;ust=1674549454857000&amp;usg=AOvVaw3Z1Kp47xJZKw98VaoXGwUO\">#<wbr \/>dojo<\/a>\u00a0<a href=\"https:\/\/www.facebook.com\/hashtag\/aikidodojo?__eep__=6&amp;__cft__%5b0%5d=AZXADR_vXlS_aGAOEtTglSWJlzhcsqDa1iBPjw316Q9vEnFNVlYhQ7kZV8lljuVs0vVGYL4gUoXyuUH52lUqU9s7levCHHWY7JQwgyZK8fF07wIoDmMiivPmFuZttYDcfUWENdMyuKl-6iwTJPClvRX8x59kmaSSqgYENfv5QZ8rtA&amp;__tn__=*NK-R\" target=\"_blank\" rel=\"noopener\" data-saferedirecturl=\"https:\/\/www.google.com\/url?q=https:\/\/www.facebook.com\/hashtag\/aikidodojo?__eep__%3D6%26__cft__%255b0%255d%3DAZXADR_vXlS_aGAOEtTglSWJlzhcsqDa1iBPjw316Q9vEnFNVlYhQ7kZV8lljuVs0vVGYL4gUoXyuUH52lUqU9s7levCHHWY7JQwgyZK8fF07wIoDmMiivPmFuZttYDcfUWENdMyuKl-6iwTJPClvRX8x59kmaSSqgYENfv5QZ8rtA%26__tn__%3D*NK-R&amp;source=gmail&amp;ust=1674549454857000&amp;usg=AOvVaw3hLn0f6PADR2kiXtn6ygJt\">#aikidodojo<\/a>\u00a0<a href=\"https:\/\/www.facebook.com\/hashtag\/osensei?__eep__=6&amp;__cft__%5b0%5d=AZXADR_vXlS_aGAOEtTglSWJlzhcsqDa1iBPjw316Q9vEnFNVlYhQ7kZV8lljuVs0vVGYL4gUoXyuUH52lUqU9s7levCHHWY7JQwgyZK8fF07wIoDmMiivPmFuZttYDcfUWENdMyuKl-6iwTJPClvRX8x59kmaSSqgYENfv5QZ8rtA&amp;__tn__=*NK-R\" target=\"_blank\" rel=\"noopener\" data-saferedirecturl=\"https:\/\/www.google.com\/url?q=https:\/\/www.facebook.com\/hashtag\/osensei?__eep__%3D6%26__cft__%255b0%255d%3DAZXADR_vXlS_aGAOEtTglSWJlzhcsqDa1iBPjw316Q9vEnFNVlYhQ7kZV8lljuVs0vVGYL4gUoXyuUH52lUqU9s7levCHHWY7JQwgyZK8fF07wIoDmMiivPmFuZttYDcfUWENdMyuKl-6iwTJPClvRX8x59kmaSSqgYENfv5QZ8rtA%26__tn__%3D*NK-R&amp;source=gmail&amp;ust=1674549454857000&amp;usg=AOvVaw2uKcJ0zjN6BhxPv2HY-0Cy\">#osensei<\/a>\u00a0<a href=\"https:\/\/www.facebook.com\/hashtag\/ueshiba?__eep__=6&amp;__cft__%5b0%5d=AZXADR_vXlS_aGAOEtTglSWJlzhcsqDa1iBPjw316Q9vEnFNVlYhQ7kZV8lljuVs0vVGYL4gUoXyuUH52lUqU9s7levCHHWY7JQwgyZK8fF07wIoDmMiivPmFuZttYDcfUWENdMyuKl-6iwTJPClvRX8x59kmaSSqgYENfv5QZ8rtA&amp;__tn__=*NK-R\" target=\"_blank\" rel=\"noopener\" data-saferedirecturl=\"https:\/\/www.google.com\/url?q=https:\/\/www.facebook.com\/hashtag\/ueshiba?__eep__%3D6%26__cft__%255b0%255d%3DAZXADR_vXlS_aGAOEtTglSWJlzhcsqDa1iBPjw316Q9vEnFNVlYhQ7kZV8lljuVs0vVGYL4gUoXyuUH52lUqU9s7levCHHWY7JQwgyZK8fF07wIoDmMiivPmFuZttYDcfUWENdMyuKl-6iwTJPClvRX8x59kmaSSqgYENfv5QZ8rtA%26__tn__%3D*NK-R&amp;source=gmail&amp;ust=1674549454857000&amp;usg=AOvVaw0xAoRpGtzJHMqzmVYLzN48\">#<wbr \/>ueshiba<\/a><u><\/u><u><\/u><\/div>\n<div><\/div>\n<\/div>\n<\/div>\n<\/blockquote>\n<\/div>\n","protected":false},"excerpt":{"rendered":"<p>Yamada Shihan a \u00e9t\u00e9 pr\u00e9sent pendant des ann\u00e9es dans le lyonnais avec sa gentillesse et simplicit\u00e9 pour ceux qui l\u2019ont c\u00f4toy\u00e9s. Cher(e)s Ami(e)s, \u00a0 C\u2019est avec une immense tristesse que nous vous faisons part du d\u00e9c\u00e8s de YAMADA Shihan survenu le 15 janvier 2023 \u00e0 l\u2019\u00e2ge de 85 ans. \u00a0 Vous trouverez ci-dessous le message [&hellip;]<\/p>\n","protected":false},"author":3,"featured_media":3966,"comment_status":"open","ping_status":"open","sticky":false,"template":"","format":"standard","meta":{"footnotes":""},"categories":[23],"tags":[],"class_list":["post-3965","post","type-post","status-publish","format-standard","has-post-thumbnail","hentry","category-cilab","entry","has-media"],"yoast_head":"<!-- This site is optimized with the Yoast SEO plugin v19.7.1 - https:\/\/yoast.com\/wordpress\/plugins\/seo\/ -->\n<title>DECES DE YAMADA SHIHAN - CILAB<\/title>\n<meta name=\"description\" content=\"Yamada Shihan a \u00e9t\u00e9 pr\u00e9sent pendant des ann\u00e9es dans le lyonnais avec sa gentillesse et simplicit\u00e9 pour ceux qui l\u2019ont c\u00f4toy\u00e9s. Cher(e)s Ami(e)s, \u00a0 C\u2019est\" \/>\n<meta name=\"robots\" content=\"index, follow, max-snippet:-1, max-image-preview:large, max-video-preview:-1\" \/>\n<link rel=\"canonical\" href=\"https:\/\/www.aikido-ffab-ra.org\/?p=3965\" \/>\n<meta property=\"og:locale\" content=\"fr_FR\" \/>\n<meta property=\"og:type\" content=\"article\" \/>\n<meta property=\"og:title\" content=\"DECES DE YAMADA SHIHAN - CILAB\" \/>\n<meta property=\"og:description\" content=\"Yamada Shihan a \u00e9t\u00e9 pr\u00e9sent pendant des ann\u00e9es dans le lyonnais avec sa gentillesse et simplicit\u00e9 pour ceux qui l\u2019ont c\u00f4toy\u00e9s. Cher(e)s Ami(e)s, \u00a0 C\u2019est\" \/>\n<meta property=\"og:url\" content=\"https:\/\/www.aikido-ffab-ra.org\/?p=3965\" \/>\n<meta property=\"og:site_name\" content=\"CILAB\" \/>\n<meta property=\"article:publisher\" content=\"https:\/\/www.facebook.com\/aikido.cilab.7\" \/>\n<meta property=\"article:published_time\" content=\"2023-01-23T15:37:29+00:00\" \/>\n<meta property=\"article:modified_time\" content=\"2023-03-21T12:45:45+00:00\" \/>\n<meta property=\"og:image\" content=\"https:\/\/www.aikido-ffab-ra.org\/wp-content\/uploads\/actualites\/deces-de-yamada-shihan\/Yamada-Shihan.jpg\" \/>\n\t<meta property=\"og:image:width\" content=\"395\" \/>\n\t<meta property=\"og:image:height\" content=\"370\" \/>\n\t<meta property=\"og:image:type\" content=\"image\/jpeg\" \/>\n<meta name=\"author\" content=\"CILAB FFAB\" \/>\n<meta name=\"twitter:card\" content=\"summary_large_image\" \/>\n<meta name=\"twitter:label1\" content=\"\u00c9crit par\" \/>\n\t<meta name=\"twitter:data1\" content=\"CILAB FFAB\" \/>\n\t<meta name=\"twitter:label2\" content=\"Dur\u00e9e de lecture estim\u00e9e\" \/>\n\t<meta name=\"twitter:data2\" content=\"3 minutes\" \/>\n<script type=\"application\/ld+json\" class=\"yoast-schema-graph\">{\"@context\":\"https:\/\/schema.org\",\"@graph\":[{\"@type\":\"Article\",\"@id\":\"https:\/\/www.aikido-ffab-ra.org\/?p=3965#article\",\"isPartOf\":{\"@id\":\"https:\/\/www.aikido-ffab-ra.org\/?p=3965\"},\"author\":{\"name\":\"CILAB FFAB\",\"@id\":\"https:\/\/www.aikido-ffab-ra.org\/#\/schema\/person\/2e632fb129db4dc790a8f2ee37bfda73\"},\"headline\":\"DECES DE YAMADA SHIHAN\",\"datePublished\":\"2023-01-23T15:37:29+00:00\",\"dateModified\":\"2023-03-21T12:45:45+00:00\",\"mainEntityOfPage\":{\"@id\":\"https:\/\/www.aikido-ffab-ra.org\/?p=3965\"},\"wordCount\":443,\"commentCount\":0,\"publisher\":{\"@id\":\"https:\/\/www.aikido-ffab-ra.org\/#organization\"},\"articleSection\":[\"CILAB\"],\"inLanguage\":\"fr-FR\",\"potentialAction\":[{\"@type\":\"CommentAction\",\"name\":\"Comment\",\"target\":[\"https:\/\/www.aikido-ffab-ra.org\/?p=3965#respond\"]}]},{\"@type\":\"WebPage\",\"@id\":\"https:\/\/www.aikido-ffab-ra.org\/?p=3965\",\"url\":\"https:\/\/www.aikido-ffab-ra.org\/?p=3965\",\"name\":\"DECES DE YAMADA SHIHAN - CILAB\",\"isPartOf\":{\"@id\":\"https:\/\/www.aikido-ffab-ra.org\/#website\"},\"datePublished\":\"2023-01-23T15:37:29+00:00\",\"dateModified\":\"2023-03-21T12:45:45+00:00\",\"description\":\"Yamada Shihan a \u00e9t\u00e9 pr\u00e9sent pendant des ann\u00e9es dans le lyonnais avec sa gentillesse et simplicit\u00e9 pour ceux qui l\u2019ont c\u00f4toy\u00e9s. Cher(e)s Ami(e)s, \u00a0 C\u2019est\",\"breadcrumb\":{\"@id\":\"https:\/\/www.aikido-ffab-ra.org\/?p=3965#breadcrumb\"},\"inLanguage\":\"fr-FR\",\"potentialAction\":[{\"@type\":\"ReadAction\",\"target\":[\"https:\/\/www.aikido-ffab-ra.org\/?p=3965\"]}]},{\"@type\":\"BreadcrumbList\",\"@id\":\"https:\/\/www.aikido-ffab-ra.org\/?p=3965#breadcrumb\",\"itemListElement\":[{\"@type\":\"ListItem\",\"position\":1,\"name\":\"Accueil\",\"item\":\"https:\/\/www.aikido-ffab-ra.org\/\"},{\"@type\":\"ListItem\",\"position\":2,\"name\":\"Actualit\u00e9s\",\"item\":\"https:\/\/www.aikido-ffab-ra.org\/?cat=21\"},{\"@type\":\"ListItem\",\"position\":3,\"name\":\"CILAB\",\"item\":\"https:\/\/www.aikido-ffab-ra.org\/?cat=23\"},{\"@type\":\"ListItem\",\"position\":4,\"name\":\"DECES DE YAMADA SHIHAN\"}]},{\"@type\":\"WebSite\",\"@id\":\"https:\/\/www.aikido-ffab-ra.org\/#website\",\"url\":\"https:\/\/www.aikido-ffab-ra.org\/\",\"name\":\"CILAB\",\"description\":\"\",\"publisher\":{\"@id\":\"https:\/\/www.aikido-ffab-ra.org\/#organization\"},\"potentialAction\":[{\"@type\":\"SearchAction\",\"target\":{\"@type\":\"EntryPoint\",\"urlTemplate\":\"https:\/\/www.aikido-ffab-ra.org\/?s={search_term_string}\"},\"query-input\":\"required name=search_term_string\"}],\"inLanguage\":\"fr-FR\"},{\"@type\":\"Organization\",\"@id\":\"https:\/\/www.aikido-ffab-ra.org\/#organization\",\"name\":\"CILAB\",\"url\":\"https:\/\/www.aikido-ffab-ra.org\/\",\"sameAs\":[\"https:\/\/www.instagram.com\/cilab.aikido\/\",\"https:\/\/www.youtube.com\/channel\/UCt35Eapug9SYepppTidRLbA?app=desktop\",\"https:\/\/www.facebook.com\/aikido.cilab.7\"],\"logo\":{\"@type\":\"ImageObject\",\"inLanguage\":\"fr-FR\",\"@id\":\"https:\/\/www.aikido-ffab-ra.org\/#\/schema\/logo\/image\/\",\"url\":\"https:\/\/www.aikido-ffab-ra.org\/wp-content\/uploads\/2021\/03\/Logo-cilab.png\",\"contentUrl\":\"https:\/\/www.aikido-ffab-ra.org\/wp-content\/uploads\/2021\/03\/Logo-cilab.png\",\"width\":99,\"height\":100,\"caption\":\"CILAB\"},\"image\":{\"@id\":\"https:\/\/www.aikido-ffab-ra.org\/#\/schema\/logo\/image\/\"}},{\"@type\":\"Person\",\"@id\":\"https:\/\/www.aikido-ffab-ra.org\/#\/schema\/person\/2e632fb129db4dc790a8f2ee37bfda73\",\"name\":\"CILAB FFAB\",\"image\":{\"@type\":\"ImageObject\",\"inLanguage\":\"fr-FR\",\"@id\":\"https:\/\/www.aikido-ffab-ra.org\/#\/schema\/person\/image\/\",\"url\":\"https:\/\/secure.gravatar.com\/avatar\/4819e8da7a8cec51602dd58961a959bccd8ee02ef786afeae67e12aa2acf36e8?s=96&d=mm&r=g\",\"contentUrl\":\"https:\/\/secure.gravatar.com\/avatar\/4819e8da7a8cec51602dd58961a959bccd8ee02ef786afeae67e12aa2acf36e8?s=96&d=mm&r=g\",\"caption\":\"CILAB FFAB\"}}]}<\/script>\n<!-- \/ Yoast SEO plugin. -->","yoast_head_json":{"title":"DECES DE YAMADA SHIHAN - CILAB","description":"Yamada Shihan a \u00e9t\u00e9 pr\u00e9sent pendant des ann\u00e9es dans le lyonnais avec sa gentillesse et simplicit\u00e9 pour ceux qui l\u2019ont c\u00f4toy\u00e9s. Cher(e)s Ami(e)s, \u00a0 C\u2019est","robots":{"index":"index","follow":"follow","max-snippet":"max-snippet:-1","max-image-preview":"max-image-preview:large","max-video-preview":"max-video-preview:-1"},"canonical":"https:\/\/www.aikido-ffab-ra.org\/?p=3965","og_locale":"fr_FR","og_type":"article","og_title":"DECES DE YAMADA SHIHAN - CILAB","og_description":"Yamada Shihan a \u00e9t\u00e9 pr\u00e9sent pendant des ann\u00e9es dans le lyonnais avec sa gentillesse et simplicit\u00e9 pour ceux qui l\u2019ont c\u00f4toy\u00e9s. Cher(e)s Ami(e)s, \u00a0 C\u2019est","og_url":"https:\/\/www.aikido-ffab-ra.org\/?p=3965","og_site_name":"CILAB","article_publisher":"https:\/\/www.facebook.com\/aikido.cilab.7","article_published_time":"2023-01-23T15:37:29+00:00","article_modified_time":"2023-03-21T12:45:45+00:00","og_image":[{"width":395,"height":370,"url":"https:\/\/www.aikido-ffab-ra.org\/wp-content\/uploads\/actualites\/deces-de-yamada-shihan\/Yamada-Shihan.jpg","type":"image\/jpeg"}],"author":"CILAB FFAB","twitter_card":"summary_large_image","twitter_misc":{"\u00c9crit par":"CILAB FFAB","Dur\u00e9e de lecture estim\u00e9e":"3 minutes"},"schema":{"@context":"https:\/\/schema.org","@graph":[{"@type":"Article","@id":"https:\/\/www.aikido-ffab-ra.org\/?p=3965#article","isPartOf":{"@id":"https:\/\/www.aikido-ffab-ra.org\/?p=3965"},"author":{"name":"CILAB FFAB","@id":"https:\/\/www.aikido-ffab-ra.org\/#\/schema\/person\/2e632fb129db4dc790a8f2ee37bfda73"},"headline":"DECES DE YAMADA SHIHAN","datePublished":"2023-01-23T15:37:29+00:00","dateModified":"2023-03-21T12:45:45+00:00","mainEntityOfPage":{"@id":"https:\/\/www.aikido-ffab-ra.org\/?p=3965"},"wordCount":443,"commentCount":0,"publisher":{"@id":"https:\/\/www.aikido-ffab-ra.org\/#organization"},"articleSection":["CILAB"],"inLanguage":"fr-FR","potentialAction":[{"@type":"CommentAction","name":"Comment","target":["https:\/\/www.aikido-ffab-ra.org\/?p=3965#respond"]}]},{"@type":"WebPage","@id":"https:\/\/www.aikido-ffab-ra.org\/?p=3965","url":"https:\/\/www.aikido-ffab-ra.org\/?p=3965","name":"DECES DE YAMADA SHIHAN - CILAB","isPartOf":{"@id":"https:\/\/www.aikido-ffab-ra.org\/#website"},"datePublished":"2023-01-23T15:37:29+00:00","dateModified":"2023-03-21T12:45:45+00:00","description":"Yamada Shihan a \u00e9t\u00e9 pr\u00e9sent pendant des ann\u00e9es dans le lyonnais avec sa gentillesse et simplicit\u00e9 pour ceux qui l\u2019ont c\u00f4toy\u00e9s. Cher(e)s Ami(e)s, \u00a0 C\u2019est","breadcrumb":{"@id":"https:\/\/www.aikido-ffab-ra.org\/?p=3965#breadcrumb"},"inLanguage":"fr-FR","potentialAction":[{"@type":"ReadAction","target":["https:\/\/www.aikido-ffab-ra.org\/?p=3965"]}]},{"@type":"BreadcrumbList","@id":"https:\/\/www.aikido-ffab-ra.org\/?p=3965#breadcrumb","itemListElement":[{"@type":"ListItem","position":1,"name":"Accueil","item":"https:\/\/www.aikido-ffab-ra.org\/"},{"@type":"ListItem","position":2,"name":"Actualit\u00e9s","item":"https:\/\/www.aikido-ffab-ra.org\/?cat=21"},{"@type":"ListItem","position":3,"name":"CILAB","item":"https:\/\/www.aikido-ffab-ra.org\/?cat=23"},{"@type":"ListItem","position":4,"name":"DECES DE YAMADA SHIHAN"}]},{"@type":"WebSite","@id":"https:\/\/www.aikido-ffab-ra.org\/#website","url":"https:\/\/www.aikido-ffab-ra.org\/","name":"CILAB","description":"","publisher":{"@id":"https:\/\/www.aikido-ffab-ra.org\/#organization"},"potentialAction":[{"@type":"SearchAction","target":{"@type":"EntryPoint","urlTemplate":"https:\/\/www.aikido-ffab-ra.org\/?s={search_term_string}"},"query-input":"required name=search_term_string"}],"inLanguage":"fr-FR"},{"@type":"Organization","@id":"https:\/\/www.aikido-ffab-ra.org\/#organization","name":"CILAB","url":"https:\/\/www.aikido-ffab-ra.org\/","sameAs":["https:\/\/www.instagram.com\/cilab.aikido\/","https:\/\/www.youtube.com\/channel\/UCt35Eapug9SYepppTidRLbA?app=desktop","https:\/\/www.facebook.com\/aikido.cilab.7"],"logo":{"@type":"ImageObject","inLanguage":"fr-FR","@id":"https:\/\/www.aikido-ffab-ra.org\/#\/schema\/logo\/image\/","url":"https:\/\/www.aikido-ffab-ra.org\/wp-content\/uploads\/2021\/03\/Logo-cilab.png","contentUrl":"https:\/\/www.aikido-ffab-ra.org\/wp-content\/uploads\/2021\/03\/Logo-cilab.png","width":99,"height":100,"caption":"CILAB"},"image":{"@id":"https:\/\/www.aikido-ffab-ra.org\/#\/schema\/logo\/image\/"}},{"@type":"Person","@id":"https:\/\/www.aikido-ffab-ra.org\/#\/schema\/person\/2e632fb129db4dc790a8f2ee37bfda73","name":"CILAB FFAB","image":{"@type":"ImageObject","inLanguage":"fr-FR","@id":"https:\/\/www.aikido-ffab-ra.org\/#\/schema\/person\/image\/","url":"https:\/\/secure.gravatar.com\/avatar\/4819e8da7a8cec51602dd58961a959bccd8ee02ef786afeae67e12aa2acf36e8?s=96&d=mm&r=g","contentUrl":"https:\/\/secure.gravatar.com\/avatar\/4819e8da7a8cec51602dd58961a959bccd8ee02ef786afeae67e12aa2acf36e8?s=96&d=mm&r=g","caption":"CILAB FFAB"}}]}},"_links":{"self":[{"href":"https:\/\/www.aikido-ffab-ra.org\/index.php?rest_route=\/wp\/v2\/posts\/3965","targetHints":{"allow":["GET"]}}],"collection":[{"href":"https:\/\/www.aikido-ffab-ra.org\/index.php?rest_route=\/wp\/v2\/posts"}],"about":[{"href":"https:\/\/www.aikido-ffab-ra.org\/index.php?rest_route=\/wp\/v2\/types\/post"}],"author":[{"embeddable":true,"href":"https:\/\/www.aikido-ffab-ra.org\/index.php?rest_route=\/wp\/v2\/users\/3"}],"replies":[{"embeddable":true,"href":"https:\/\/www.aikido-ffab-ra.org\/index.php?rest_route=%2Fwp%2Fv2%2Fcomments&post=3965"}],"version-history":[{"count":2,"href":"https:\/\/www.aikido-ffab-ra.org\/index.php?rest_route=\/wp\/v2\/posts\/3965\/revisions"}],"predecessor-version":[{"id":3968,"href":"https:\/\/www.aikido-ffab-ra.org\/index.php?rest_route=\/wp\/v2\/posts\/3965\/revisions\/3968"}],"wp:featuredmedia":[{"embeddable":true,"href":"https:\/\/www.aikido-ffab-ra.org\/index.php?rest_route=\/wp\/v2\/media\/3966"}],"wp:attachment":[{"href":"https:\/\/www.aikido-ffab-ra.org\/index.php?rest_route=%2Fwp%2Fv2%2Fmedia&parent=3965"}],"wp:term":[{"taxonomy":"category","embeddable":true,"href":"https:\/\/www.aikido-ffab-ra.org\/index.php?rest_route=%2Fwp%2Fv2%2Fcategories&post=3965"},{"taxonomy":"post_tag","embeddable":true,"href":"https:\/\/www.aikido-ffab-ra.org\/index.php?rest_route=%2Fwp%2Fv2%2Ftags&post=3965"}],"curies":[{"name":"wp","href":"https:\/\/api.w.org\/{rel}","templated":true}]}}