{"id":3969,"date":"2023-01-23T16:56:17","date_gmt":"2023-01-23T15:56:17","guid":{"rendered":"https:\/\/www.aikido-ffab-ra.org\/?p=3969"},"modified":"2023-04-15T20:42:35","modified_gmt":"2023-04-15T18:42:35","slug":"stage-jeunes-hauteville-25-et-26-03-2023","status":"publish","type":"post","link":"https:\/\/www.aikido-ffab-ra.org\/?p=3969","title":{"rendered":"Stage A\u00efkido Jeunes HAUTEVILLE &#8211; 25 et 26\/03\/2023"},"content":{"rendered":"<p>L\u2019incontournable \u00e9v\u00e9nement attendu par nos jeunes pratiquants se pr\u00e9pare. Depuis plusieurs semaines d\u00e9j\u00e0, la commission jeunes du CILAB est \u00e0 la man\u0153uvre pour faire de ce rassemblement une r\u00e9ussite.<\/p>\n<p>Ce stage s\u2019adresse aux enfants, aux ados, aux enseignants et \u00e0 tout pratiquant int\u00e9ress\u00e9 par l\u2019enseignement aux jeunes.<\/p>\n<p>Jean-Pierre PIGEAU (7<sup>\u00e8me<\/sup>\u00a0Dan CSDGE animera le stage avec le soutien des professeurs de la r\u00e9gion.<\/p>\n<p><strong>A noter\u00a0<\/strong>que l\u2019activit\u00e9 piscine est annul\u00e9e cette ann\u00e9e.<\/p>\n<p><strong>Inscrivez-vous aupr\u00e8s de votre club, d\u00e8s \u00e0 pr\u00e9sent\u00a0<\/strong><strong>et jusqu\u2019au 4 mars\u00a0<\/strong><strong>(dernier d\u00e9lai)\u00a0<\/strong><strong>!<\/strong><\/p>\n<p>En t\u00e9l\u00e9chargement, tous les documents n\u00e9cessaires (Informations et inscriptions)<\/p>\n<p><a href=\"https:\/\/www.aikido-ffab-ra.org\/wp-content\/uploads\/stages-jeunes\/stage-jeunes-hauteville-25-et-26-03-2023\/2023-03-25-26-Hauteville.pdf\">2023-03-25-26-Hauteville aikido Jeunes AFFICHE<\/a><\/p>\n<p><a href=\"https:\/\/www.aikido-ffab-ra.org\/wp-content\/uploads\/stages-jeunes\/stage-jeunes-hauteville-25-et-26-03-2023\/2023_01-HAUTEVILLE-INSCRIPTION-JEUNES.pdf\">2023_01 Aikido HAUTEVILLE INSCRIPTION JEUNES<\/a><\/p>\n<p><a href=\"https:\/\/www.aikido-ffab-ra.org\/wp-content\/uploads\/stages-jeunes\/stage-jeunes-hauteville-25-et-26-03-2023\/2023_02-HAUTEVILLE-INSCRIPTION-ACCOMPAGNATEURS.pdf\">2023_02 Aikido HAUTEVILLE INSCRIPTION ACCOMPAGNATEURS<\/a><\/p>\n<p><a href=\"https:\/\/www.aikido-ffab-ra.org\/wp-content\/uploads\/stages-jeunes\/stage-jeunes-hauteville-25-et-26-03-2023\/2023_03-HAUTEVILLE-PARENTS-RENSEIGNEMENTS-PRATIQUES.pdf\">2023_03 Aikido HAUTEVILLE PARENTS RENSEIGNEMENTS PRATIQUES<\/a><\/p>\n<p><a href=\"https:\/\/www.aikido-ffab-ra.org\/wp-content\/uploads\/stages-jeunes\/stage-jeunes-hauteville-25-et-26-03-2023\/2023_4-HAUTEVILLE-ENSEIGNANTS-RENSEIGNEMENTS-PRATIQUES.pdf\">2023_4 Aikido HAUTEVILLE ENSEIGNANTS RENSEIGNEMENTS PRATIQUES<\/a><\/p>\n<p>&nbsp;<\/p>\n<p><img loading=\"lazy\" decoding=\"async\" class=\"alignnone size-full wp-image-3970\" src=\"https:\/\/www.aikido-ffab-ra.org\/wp-content\/uploads\/stages-jeunes\/stage-jeunes-hauteville-25-et-26-03-2023\/2023-03-25-26-Hauteville.jpg\" alt=\"2023-03-25-26-Hauteville - Aikido jeunes\" width=\"694\" height=\"982\" srcset=\"https:\/\/www.aikido-ffab-ra.org\/wp-content\/uploads\/stages-jeunes\/stage-jeunes-hauteville-25-et-26-03-2023\/2023-03-25-26-Hauteville.jpg 694w, https:\/\/www.aikido-ffab-ra.org\/wp-content\/uploads\/stages-jeunes\/stage-jeunes-hauteville-25-et-26-03-2023\/2023-03-25-26-Hauteville-450x637.jpg 450w\" sizes=\"auto, (max-width: 694px) 100vw, 694px\" \/><\/p>\n<p>&nbsp;<\/p>\n","protected":false},"excerpt":{"rendered":"<p>L\u2019incontournable \u00e9v\u00e9nement attendu par nos jeunes pratiquants se pr\u00e9pare. Depuis plusieurs semaines d\u00e9j\u00e0, la commission jeunes du CILAB est \u00e0 la man\u0153uvre pour faire de ce rassemblement une r\u00e9ussite. Ce stage s\u2019adresse aux enfants, aux ados, aux enseignants et \u00e0 tout pratiquant int\u00e9ress\u00e9 par l\u2019enseignement aux jeunes. Jean-Pierre PIGEAU (7\u00e8me\u00a0Dan CSDGE animera le stage avec [&hellip;]<\/p>\n","protected":false},"author":3,"featured_media":3970,"comment_status":"open","ping_status":"open","sticky":false,"template":"","format":"standard","meta":{"footnotes":""},"categories":[39],"tags":[],"class_list":["post-3969","post","type-post","status-publish","format-standard","has-post-thumbnail","hentry","category-stages-jeunes","entry","has-media"],"yoast_head":"<!-- This site is optimized with the Yoast SEO plugin v19.7.1 - https:\/\/yoast.com\/wordpress\/plugins\/seo\/ -->\n<title>Stage A\u00efkido Jeunes HAUTEVILLE - 25 et 26\/03\/2023 - CILAB<\/title>\n<meta name=\"description\" content=\"L\u2019incontournable \u00e9v\u00e9nement attendu par nos jeunes pratiquants se pr\u00e9pare. Depuis plusieurs semaines d\u00e9j\u00e0, la commission jeunes du CILAB est \u00e0 la man\u0153uvre\" \/>\n<meta name=\"robots\" content=\"index, follow, max-snippet:-1, max-image-preview:large, max-video-preview:-1\" \/>\n<link rel=\"canonical\" href=\"https:\/\/www.aikido-ffab-ra.org\/?p=3969\" \/>\n<meta property=\"og:locale\" content=\"fr_FR\" \/>\n<meta property=\"og:type\" content=\"article\" \/>\n<meta property=\"og:title\" content=\"Stage A\u00efkido Jeunes HAUTEVILLE - 25 et 26\/03\/2023 - CILAB\" \/>\n<meta property=\"og:description\" content=\"L\u2019incontournable \u00e9v\u00e9nement attendu par nos jeunes pratiquants se pr\u00e9pare. Depuis plusieurs semaines d\u00e9j\u00e0, la commission jeunes du CILAB est \u00e0 la man\u0153uvre\" \/>\n<meta property=\"og:url\" content=\"https:\/\/www.aikido-ffab-ra.org\/?p=3969\" \/>\n<meta property=\"og:site_name\" content=\"CILAB\" \/>\n<meta property=\"article:publisher\" content=\"https:\/\/www.facebook.com\/aikido.cilab.7\" \/>\n<meta property=\"article:published_time\" content=\"2023-01-23T15:56:17+00:00\" \/>\n<meta property=\"article:modified_time\" content=\"2023-04-15T18:42:35+00:00\" \/>\n<meta property=\"og:image\" content=\"https:\/\/www.aikido-ffab-ra.org\/wp-content\/uploads\/stages-jeunes\/stage-jeunes-hauteville-25-et-26-03-2023\/2023-03-25-26-Hauteville.jpg\" \/>\n\t<meta property=\"og:image:width\" content=\"694\" \/>\n\t<meta property=\"og:image:height\" content=\"982\" \/>\n\t<meta property=\"og:image:type\" content=\"image\/jpeg\" \/>\n<meta name=\"author\" content=\"CILAB FFAB\" \/>\n<meta name=\"twitter:card\" content=\"summary_large_image\" \/>\n<meta name=\"twitter:label1\" content=\"\u00c9crit par\" \/>\n\t<meta name=\"twitter:data1\" content=\"CILAB FFAB\" \/>\n\t<meta name=\"twitter:label2\" content=\"Dur\u00e9e de lecture estim\u00e9e\" \/>\n\t<meta name=\"twitter:data2\" content=\"1 minute\" \/>\n<script type=\"application\/ld+json\" class=\"yoast-schema-graph\">{\"@context\":\"https:\/\/schema.org\",\"@graph\":[{\"@type\":\"Article\",\"@id\":\"https:\/\/www.aikido-ffab-ra.org\/?p=3969#article\",\"isPartOf\":{\"@id\":\"https:\/\/www.aikido-ffab-ra.org\/?p=3969\"},\"author\":{\"name\":\"CILAB FFAB\",\"@id\":\"https:\/\/www.aikido-ffab-ra.org\/#\/schema\/person\/2e632fb129db4dc790a8f2ee37bfda73\"},\"headline\":\"Stage A\u00efkido Jeunes HAUTEVILLE &#8211; 25 et 26\/03\/2023\",\"datePublished\":\"2023-01-23T15:56:17+00:00\",\"dateModified\":\"2023-04-15T18:42:35+00:00\",\"mainEntityOfPage\":{\"@id\":\"https:\/\/www.aikido-ffab-ra.org\/?p=3969\"},\"wordCount\":146,\"commentCount\":0,\"publisher\":{\"@id\":\"https:\/\/www.aikido-ffab-ra.org\/#organization\"},\"articleSection\":[\"Stages jeunes\"],\"inLanguage\":\"fr-FR\",\"potentialAction\":[{\"@type\":\"CommentAction\",\"name\":\"Comment\",\"target\":[\"https:\/\/www.aikido-ffab-ra.org\/?p=3969#respond\"]}]},{\"@type\":\"WebPage\",\"@id\":\"https:\/\/www.aikido-ffab-ra.org\/?p=3969\",\"url\":\"https:\/\/www.aikido-ffab-ra.org\/?p=3969\",\"name\":\"Stage A\u00efkido Jeunes HAUTEVILLE - 25 et 26\/03\/2023 - CILAB\",\"isPartOf\":{\"@id\":\"https:\/\/www.aikido-ffab-ra.org\/#website\"},\"datePublished\":\"2023-01-23T15:56:17+00:00\",\"dateModified\":\"2023-04-15T18:42:35+00:00\",\"description\":\"L\u2019incontournable \u00e9v\u00e9nement attendu par nos jeunes pratiquants se pr\u00e9pare. Depuis plusieurs semaines d\u00e9j\u00e0, la commission jeunes du CILAB est \u00e0 la man\u0153uvre\",\"breadcrumb\":{\"@id\":\"https:\/\/www.aikido-ffab-ra.org\/?p=3969#breadcrumb\"},\"inLanguage\":\"fr-FR\",\"potentialAction\":[{\"@type\":\"ReadAction\",\"target\":[\"https:\/\/www.aikido-ffab-ra.org\/?p=3969\"]}]},{\"@type\":\"BreadcrumbList\",\"@id\":\"https:\/\/www.aikido-ffab-ra.org\/?p=3969#breadcrumb\",\"itemListElement\":[{\"@type\":\"ListItem\",\"position\":1,\"name\":\"Accueil\",\"item\":\"https:\/\/www.aikido-ffab-ra.org\/\"},{\"@type\":\"ListItem\",\"position\":2,\"name\":\"Stages jeunes\",\"item\":\"https:\/\/www.aikido-ffab-ra.org\/?cat=39\"},{\"@type\":\"ListItem\",\"position\":3,\"name\":\"Stage A\u00efkido Jeunes HAUTEVILLE &#8211; 25 et 26\/03\/2023\"}]},{\"@type\":\"WebSite\",\"@id\":\"https:\/\/www.aikido-ffab-ra.org\/#website\",\"url\":\"https:\/\/www.aikido-ffab-ra.org\/\",\"name\":\"CILAB\",\"description\":\"\",\"publisher\":{\"@id\":\"https:\/\/www.aikido-ffab-ra.org\/#organization\"},\"potentialAction\":[{\"@type\":\"SearchAction\",\"target\":{\"@type\":\"EntryPoint\",\"urlTemplate\":\"https:\/\/www.aikido-ffab-ra.org\/?s={search_term_string}\"},\"query-input\":\"required name=search_term_string\"}],\"inLanguage\":\"fr-FR\"},{\"@type\":\"Organization\",\"@id\":\"https:\/\/www.aikido-ffab-ra.org\/#organization\",\"name\":\"CILAB\",\"url\":\"https:\/\/www.aikido-ffab-ra.org\/\",\"sameAs\":[\"https:\/\/www.instagram.com\/cilab.aikido\/\",\"https:\/\/www.youtube.com\/channel\/UCt35Eapug9SYepppTidRLbA?app=desktop\",\"https:\/\/www.facebook.com\/aikido.cilab.7\"],\"logo\":{\"@type\":\"ImageObject\",\"inLanguage\":\"fr-FR\",\"@id\":\"https:\/\/www.aikido-ffab-ra.org\/#\/schema\/logo\/image\/\",\"url\":\"https:\/\/www.aikido-ffab-ra.org\/wp-content\/uploads\/2021\/03\/Logo-cilab.png\",\"contentUrl\":\"https:\/\/www.aikido-ffab-ra.org\/wp-content\/uploads\/2021\/03\/Logo-cilab.png\",\"width\":99,\"height\":100,\"caption\":\"CILAB\"},\"image\":{\"@id\":\"https:\/\/www.aikido-ffab-ra.org\/#\/schema\/logo\/image\/\"}},{\"@type\":\"Person\",\"@id\":\"https:\/\/www.aikido-ffab-ra.org\/#\/schema\/person\/2e632fb129db4dc790a8f2ee37bfda73\",\"name\":\"CILAB FFAB\",\"image\":{\"@type\":\"ImageObject\",\"inLanguage\":\"fr-FR\",\"@id\":\"https:\/\/www.aikido-ffab-ra.org\/#\/schema\/person\/image\/\",\"url\":\"https:\/\/secure.gravatar.com\/avatar\/4819e8da7a8cec51602dd58961a959bccd8ee02ef786afeae67e12aa2acf36e8?s=96&d=mm&r=g\",\"contentUrl\":\"https:\/\/secure.gravatar.com\/avatar\/4819e8da7a8cec51602dd58961a959bccd8ee02ef786afeae67e12aa2acf36e8?s=96&d=mm&r=g\",\"caption\":\"CILAB FFAB\"}}]}<\/script>\n<!-- \/ Yoast SEO plugin. -->","yoast_head_json":{"title":"Stage A\u00efkido Jeunes HAUTEVILLE - 25 et 26\/03\/2023 - CILAB","description":"L\u2019incontournable \u00e9v\u00e9nement attendu par nos jeunes pratiquants se pr\u00e9pare. Depuis plusieurs semaines d\u00e9j\u00e0, la commission jeunes du CILAB est \u00e0 la man\u0153uvre","robots":{"index":"index","follow":"follow","max-snippet":"max-snippet:-1","max-image-preview":"max-image-preview:large","max-video-preview":"max-video-preview:-1"},"canonical":"https:\/\/www.aikido-ffab-ra.org\/?p=3969","og_locale":"fr_FR","og_type":"article","og_title":"Stage A\u00efkido Jeunes HAUTEVILLE - 25 et 26\/03\/2023 - CILAB","og_description":"L\u2019incontournable \u00e9v\u00e9nement attendu par nos jeunes pratiquants se pr\u00e9pare. Depuis plusieurs semaines d\u00e9j\u00e0, la commission jeunes du CILAB est \u00e0 la man\u0153uvre","og_url":"https:\/\/www.aikido-ffab-ra.org\/?p=3969","og_site_name":"CILAB","article_publisher":"https:\/\/www.facebook.com\/aikido.cilab.7","article_published_time":"2023-01-23T15:56:17+00:00","article_modified_time":"2023-04-15T18:42:35+00:00","og_image":[{"width":694,"height":982,"url":"https:\/\/www.aikido-ffab-ra.org\/wp-content\/uploads\/stages-jeunes\/stage-jeunes-hauteville-25-et-26-03-2023\/2023-03-25-26-Hauteville.jpg","type":"image\/jpeg"}],"author":"CILAB FFAB","twitter_card":"summary_large_image","twitter_misc":{"\u00c9crit par":"CILAB FFAB","Dur\u00e9e de lecture estim\u00e9e":"1 minute"},"schema":{"@context":"https:\/\/schema.org","@graph":[{"@type":"Article","@id":"https:\/\/www.aikido-ffab-ra.org\/?p=3969#article","isPartOf":{"@id":"https:\/\/www.aikido-ffab-ra.org\/?p=3969"},"author":{"name":"CILAB FFAB","@id":"https:\/\/www.aikido-ffab-ra.org\/#\/schema\/person\/2e632fb129db4dc790a8f2ee37bfda73"},"headline":"Stage A\u00efkido Jeunes HAUTEVILLE &#8211; 25 et 26\/03\/2023","datePublished":"2023-01-23T15:56:17+00:00","dateModified":"2023-04-15T18:42:35+00:00","mainEntityOfPage":{"@id":"https:\/\/www.aikido-ffab-ra.org\/?p=3969"},"wordCount":146,"commentCount":0,"publisher":{"@id":"https:\/\/www.aikido-ffab-ra.org\/#organization"},"articleSection":["Stages jeunes"],"inLanguage":"fr-FR","potentialAction":[{"@type":"CommentAction","name":"Comment","target":["https:\/\/www.aikido-ffab-ra.org\/?p=3969#respond"]}]},{"@type":"WebPage","@id":"https:\/\/www.aikido-ffab-ra.org\/?p=3969","url":"https:\/\/www.aikido-ffab-ra.org\/?p=3969","name":"Stage A\u00efkido Jeunes HAUTEVILLE - 25 et 26\/03\/2023 - CILAB","isPartOf":{"@id":"https:\/\/www.aikido-ffab-ra.org\/#website"},"datePublished":"2023-01-23T15:56:17+00:00","dateModified":"2023-04-15T18:42:35+00:00","description":"L\u2019incontournable \u00e9v\u00e9nement attendu par nos jeunes pratiquants se pr\u00e9pare. Depuis plusieurs semaines d\u00e9j\u00e0, la commission jeunes du CILAB est \u00e0 la man\u0153uvre","breadcrumb":{"@id":"https:\/\/www.aikido-ffab-ra.org\/?p=3969#breadcrumb"},"inLanguage":"fr-FR","potentialAction":[{"@type":"ReadAction","target":["https:\/\/www.aikido-ffab-ra.org\/?p=3969"]}]},{"@type":"BreadcrumbList","@id":"https:\/\/www.aikido-ffab-ra.org\/?p=3969#breadcrumb","itemListElement":[{"@type":"ListItem","position":1,"name":"Accueil","item":"https:\/\/www.aikido-ffab-ra.org\/"},{"@type":"ListItem","position":2,"name":"Stages jeunes","item":"https:\/\/www.aikido-ffab-ra.org\/?cat=39"},{"@type":"ListItem","position":3,"name":"Stage A\u00efkido Jeunes HAUTEVILLE &#8211; 25 et 26\/03\/2023"}]},{"@type":"WebSite","@id":"https:\/\/www.aikido-ffab-ra.org\/#website","url":"https:\/\/www.aikido-ffab-ra.org\/","name":"CILAB","description":"","publisher":{"@id":"https:\/\/www.aikido-ffab-ra.org\/#organization"},"potentialAction":[{"@type":"SearchAction","target":{"@type":"EntryPoint","urlTemplate":"https:\/\/www.aikido-ffab-ra.org\/?s={search_term_string}"},"query-input":"required name=search_term_string"}],"inLanguage":"fr-FR"},{"@type":"Organization","@id":"https:\/\/www.aikido-ffab-ra.org\/#organization","name":"CILAB","url":"https:\/\/www.aikido-ffab-ra.org\/","sameAs":["https:\/\/www.instagram.com\/cilab.aikido\/","https:\/\/www.youtube.com\/channel\/UCt35Eapug9SYepppTidRLbA?app=desktop","https:\/\/www.facebook.com\/aikido.cilab.7"],"logo":{"@type":"ImageObject","inLanguage":"fr-FR","@id":"https:\/\/www.aikido-ffab-ra.org\/#\/schema\/logo\/image\/","url":"https:\/\/www.aikido-ffab-ra.org\/wp-content\/uploads\/2021\/03\/Logo-cilab.png","contentUrl":"https:\/\/www.aikido-ffab-ra.org\/wp-content\/uploads\/2021\/03\/Logo-cilab.png","width":99,"height":100,"caption":"CILAB"},"image":{"@id":"https:\/\/www.aikido-ffab-ra.org\/#\/schema\/logo\/image\/"}},{"@type":"Person","@id":"https:\/\/www.aikido-ffab-ra.org\/#\/schema\/person\/2e632fb129db4dc790a8f2ee37bfda73","name":"CILAB FFAB","image":{"@type":"ImageObject","inLanguage":"fr-FR","@id":"https:\/\/www.aikido-ffab-ra.org\/#\/schema\/person\/image\/","url":"https:\/\/secure.gravatar.com\/avatar\/4819e8da7a8cec51602dd58961a959bccd8ee02ef786afeae67e12aa2acf36e8?s=96&d=mm&r=g","contentUrl":"https:\/\/secure.gravatar.com\/avatar\/4819e8da7a8cec51602dd58961a959bccd8ee02ef786afeae67e12aa2acf36e8?s=96&d=mm&r=g","caption":"CILAB FFAB"}}]}},"_links":{"self":[{"href":"https:\/\/www.aikido-ffab-ra.org\/index.php?rest_route=\/wp\/v2\/posts\/3969","targetHints":{"allow":["GET"]}}],"collection":[{"href":"https:\/\/www.aikido-ffab-ra.org\/index.php?rest_route=\/wp\/v2\/posts"}],"about":[{"href":"https:\/\/www.aikido-ffab-ra.org\/index.php?rest_route=\/wp\/v2\/types\/post"}],"author":[{"embeddable":true,"href":"https:\/\/www.aikido-ffab-ra.org\/index.php?rest_route=\/wp\/v2\/users\/3"}],"replies":[{"embeddable":true,"href":"https:\/\/www.aikido-ffab-ra.org\/index.php?rest_route=%2Fwp%2Fv2%2Fcomments&post=3969"}],"version-history":[{"count":2,"href":"https:\/\/www.aikido-ffab-ra.org\/index.php?rest_route=\/wp\/v2\/posts\/3969\/revisions"}],"predecessor-version":[{"id":4009,"href":"https:\/\/www.aikido-ffab-ra.org\/index.php?rest_route=\/wp\/v2\/posts\/3969\/revisions\/4009"}],"wp:featuredmedia":[{"embeddable":true,"href":"https:\/\/www.aikido-ffab-ra.org\/index.php?rest_route=\/wp\/v2\/media\/3970"}],"wp:attachment":[{"href":"https:\/\/www.aikido-ffab-ra.org\/index.php?rest_route=%2Fwp%2Fv2%2Fmedia&parent=3969"}],"wp:term":[{"taxonomy":"category","embeddable":true,"href":"https:\/\/www.aikido-ffab-ra.org\/index.php?rest_route=%2Fwp%2Fv2%2Fcategories&post=3969"},{"taxonomy":"post_tag","embeddable":true,"href":"https:\/\/www.aikido-ffab-ra.org\/index.php?rest_route=%2Fwp%2Fv2%2Ftags&post=3969"}],"curies":[{"name":"wp","href":"https:\/\/api.w.org\/{rel}","templated":true}]}}