{"id":4002,"date":"2023-03-20T16:06:41","date_gmt":"2023-03-20T15:06:41","guid":{"rendered":"https:\/\/www.aikido-ffab-ra.org\/?p=4002"},"modified":"2023-04-15T20:43:04","modified_gmt":"2023-04-15T18:43:04","slug":"stage-seniors-en-semaine-du-20-au-23-03-2023","status":"publish","type":"post","link":"https:\/\/www.aikido-ffab-ra.org\/?p=4002","title":{"rendered":"Stage A\u00efkido S\u00c9NIORS en semaine du 20 au 23\/03\/2023"},"content":{"rendered":"<p>Le stage S\u00c9NIORS en semaine sera anim\u00e9 par<\/p>\n<ul>\n<li>Jean Marc Fournier<\/li>\n<li>Ren\u00e9e Lebourdais<\/li>\n<li>Yves Spenl\u00e9<\/li>\n<\/ul>\n<p>Il se tiendra dans trois lieux diff\u00e9rents :<\/p>\n<ul>\n<li><strong>Lundi 20\/03\/2023<\/strong><br \/>\nde 10h00 \u00e0 11h30<br \/>\nAu dojo des c\u00e8dres &#8211; Chemin de la Bast\u00e9ro &#8211; 69350 La mulati\u00e8re<\/li>\n<li><strong>\u00a0Mardi 21\/03\/2023<\/strong><br \/>\nde 10h00 \u00e0 11h30<br \/>\nAu dojo &#8211; 4 chemin sous le fort &#8211; 69320 Feyzin<\/li>\n<li><strong>Jeudi 23\/03\/2023<\/strong><br \/>\nde 9h30 \u00e0 11h00<br \/>\nAu Dojo de la MJC &#8211; 13 rue Henri Barbusse &#8211; 69120 Vaux en Velin<\/li>\n<\/ul>\n<p><img loading=\"lazy\" decoding=\"async\" class=\"alignnone size-full wp-image-4003\" src=\"https:\/\/www.aikido-ffab-ra.org\/wp-content\/uploads\/actualites\/stage-seniors-en-semaine-du-20-au-23-03-2023\/2023-03-20-23-stages-seniors.jpeg\" alt=\"2023-03-20 23-stages AIKIDO seniors\" width=\"694\" height=\"982\" srcset=\"https:\/\/www.aikido-ffab-ra.org\/wp-content\/uploads\/actualites\/stage-seniors-en-semaine-du-20-au-23-03-2023\/2023-03-20-23-stages-seniors.jpeg 694w, https:\/\/www.aikido-ffab-ra.org\/wp-content\/uploads\/actualites\/stage-seniors-en-semaine-du-20-au-23-03-2023\/2023-03-20-23-stages-seniors-450x637.jpeg 450w\" sizes=\"auto, (max-width: 694px) 100vw, 694px\" \/><\/p>\n","protected":false},"excerpt":{"rendered":"<p>Le stage S\u00c9NIORS en semaine sera anim\u00e9 par Jean Marc Fournier Ren\u00e9e Lebourdais Yves Spenl\u00e9 Il se tiendra dans trois lieux diff\u00e9rents : Lundi 20\/03\/2023 de 10h00 \u00e0 11h30 Au dojo des c\u00e8dres &#8211; Chemin de la Bast\u00e9ro &#8211; 69350 La mulati\u00e8re \u00a0Mardi 21\/03\/2023 de 10h00 \u00e0 11h30 Au dojo &#8211; 4 chemin sous le [&hellip;]<\/p>\n","protected":false},"author":3,"featured_media":4003,"comment_status":"open","ping_status":"open","sticky":false,"template":"","format":"standard","meta":{"footnotes":""},"categories":[37],"tags":[],"class_list":["post-4002","post","type-post","status-publish","format-standard","has-post-thumbnail","hentry","category-stages","entry","has-media"],"yoast_head":"<!-- This site is optimized with the Yoast SEO plugin v19.7.1 - https:\/\/yoast.com\/wordpress\/plugins\/seo\/ -->\n<title>Stage A\u00efkido S\u00c9NIORS en semaine du 20 au 23\/03\/2023 - CILAB<\/title>\n<meta name=\"description\" content=\"Le stage S\u00c9NIORS en semaine sera anim\u00e9 par Jean Marc Fournier Ren\u00e9e Lebourdais Yves Spenl\u00e9 Il se tiendra dans trois lieux diff\u00e9rents : Lundi 20\/03\/2023 de\" \/>\n<meta name=\"robots\" content=\"index, follow, max-snippet:-1, max-image-preview:large, max-video-preview:-1\" \/>\n<link rel=\"canonical\" href=\"https:\/\/www.aikido-ffab-ra.org\/?p=4002\" \/>\n<meta property=\"og:locale\" content=\"fr_FR\" \/>\n<meta property=\"og:type\" content=\"article\" \/>\n<meta property=\"og:title\" content=\"Stage A\u00efkido S\u00c9NIORS en semaine du 20 au 23\/03\/2023 - CILAB\" \/>\n<meta property=\"og:description\" content=\"Le stage S\u00c9NIORS en semaine sera anim\u00e9 par Jean Marc Fournier Ren\u00e9e Lebourdais Yves Spenl\u00e9 Il se tiendra dans trois lieux diff\u00e9rents : Lundi 20\/03\/2023 de\" \/>\n<meta property=\"og:url\" content=\"https:\/\/www.aikido-ffab-ra.org\/?p=4002\" \/>\n<meta property=\"og:site_name\" content=\"CILAB\" \/>\n<meta property=\"article:publisher\" content=\"https:\/\/www.facebook.com\/aikido.cilab.7\" \/>\n<meta property=\"article:published_time\" content=\"2023-03-20T15:06:41+00:00\" \/>\n<meta property=\"article:modified_time\" content=\"2023-04-15T18:43:04+00:00\" \/>\n<meta property=\"og:image\" content=\"https:\/\/www.aikido-ffab-ra.org\/wp-content\/uploads\/actualites\/stage-seniors-en-semaine-du-20-au-23-03-2023\/2023-03-20-23-stages-seniors.jpeg\" \/>\n\t<meta property=\"og:image:width\" content=\"694\" \/>\n\t<meta property=\"og:image:height\" content=\"982\" \/>\n\t<meta property=\"og:image:type\" content=\"image\/jpeg\" \/>\n<meta name=\"author\" content=\"CILAB FFAB\" \/>\n<meta name=\"twitter:card\" content=\"summary_large_image\" \/>\n<meta name=\"twitter:label1\" content=\"\u00c9crit par\" \/>\n\t<meta name=\"twitter:data1\" content=\"CILAB FFAB\" \/>\n\t<meta name=\"twitter:label2\" content=\"Dur\u00e9e de lecture estim\u00e9e\" \/>\n\t<meta name=\"twitter:data2\" content=\"1 minute\" \/>\n<script type=\"application\/ld+json\" class=\"yoast-schema-graph\">{\"@context\":\"https:\/\/schema.org\",\"@graph\":[{\"@type\":\"Article\",\"@id\":\"https:\/\/www.aikido-ffab-ra.org\/?p=4002#article\",\"isPartOf\":{\"@id\":\"https:\/\/www.aikido-ffab-ra.org\/?p=4002\"},\"author\":{\"name\":\"CILAB FFAB\",\"@id\":\"https:\/\/www.aikido-ffab-ra.org\/#\/schema\/person\/2e632fb129db4dc790a8f2ee37bfda73\"},\"headline\":\"Stage A\u00efkido S\u00c9NIORS en semaine du 20 au 23\/03\/2023\",\"datePublished\":\"2023-03-20T15:06:41+00:00\",\"dateModified\":\"2023-04-15T18:43:04+00:00\",\"mainEntityOfPage\":{\"@id\":\"https:\/\/www.aikido-ffab-ra.org\/?p=4002\"},\"wordCount\":83,\"commentCount\":0,\"publisher\":{\"@id\":\"https:\/\/www.aikido-ffab-ra.org\/#organization\"},\"articleSection\":[\"Stages\"],\"inLanguage\":\"fr-FR\",\"potentialAction\":[{\"@type\":\"CommentAction\",\"name\":\"Comment\",\"target\":[\"https:\/\/www.aikido-ffab-ra.org\/?p=4002#respond\"]}]},{\"@type\":\"WebPage\",\"@id\":\"https:\/\/www.aikido-ffab-ra.org\/?p=4002\",\"url\":\"https:\/\/www.aikido-ffab-ra.org\/?p=4002\",\"name\":\"Stage A\u00efkido S\u00c9NIORS en semaine du 20 au 23\/03\/2023 - CILAB\",\"isPartOf\":{\"@id\":\"https:\/\/www.aikido-ffab-ra.org\/#website\"},\"datePublished\":\"2023-03-20T15:06:41+00:00\",\"dateModified\":\"2023-04-15T18:43:04+00:00\",\"description\":\"Le stage S\u00c9NIORS en semaine sera anim\u00e9 par Jean Marc Fournier Ren\u00e9e Lebourdais Yves Spenl\u00e9 Il se tiendra dans trois lieux diff\u00e9rents : Lundi 20\/03\/2023 de\",\"breadcrumb\":{\"@id\":\"https:\/\/www.aikido-ffab-ra.org\/?p=4002#breadcrumb\"},\"inLanguage\":\"fr-FR\",\"potentialAction\":[{\"@type\":\"ReadAction\",\"target\":[\"https:\/\/www.aikido-ffab-ra.org\/?p=4002\"]}]},{\"@type\":\"BreadcrumbList\",\"@id\":\"https:\/\/www.aikido-ffab-ra.org\/?p=4002#breadcrumb\",\"itemListElement\":[{\"@type\":\"ListItem\",\"position\":1,\"name\":\"Accueil\",\"item\":\"https:\/\/www.aikido-ffab-ra.org\/\"},{\"@type\":\"ListItem\",\"position\":2,\"name\":\"Stages\",\"item\":\"https:\/\/www.aikido-ffab-ra.org\/?cat=37\"},{\"@type\":\"ListItem\",\"position\":3,\"name\":\"Stage A\u00efkido S\u00c9NIORS en semaine du 20 au 23\/03\/2023\"}]},{\"@type\":\"WebSite\",\"@id\":\"https:\/\/www.aikido-ffab-ra.org\/#website\",\"url\":\"https:\/\/www.aikido-ffab-ra.org\/\",\"name\":\"CILAB\",\"description\":\"\",\"publisher\":{\"@id\":\"https:\/\/www.aikido-ffab-ra.org\/#organization\"},\"potentialAction\":[{\"@type\":\"SearchAction\",\"target\":{\"@type\":\"EntryPoint\",\"urlTemplate\":\"https:\/\/www.aikido-ffab-ra.org\/?s={search_term_string}\"},\"query-input\":\"required name=search_term_string\"}],\"inLanguage\":\"fr-FR\"},{\"@type\":\"Organization\",\"@id\":\"https:\/\/www.aikido-ffab-ra.org\/#organization\",\"name\":\"CILAB\",\"url\":\"https:\/\/www.aikido-ffab-ra.org\/\",\"sameAs\":[\"https:\/\/www.instagram.com\/cilab.aikido\/\",\"https:\/\/www.youtube.com\/channel\/UCt35Eapug9SYepppTidRLbA?app=desktop\",\"https:\/\/www.facebook.com\/aikido.cilab.7\"],\"logo\":{\"@type\":\"ImageObject\",\"inLanguage\":\"fr-FR\",\"@id\":\"https:\/\/www.aikido-ffab-ra.org\/#\/schema\/logo\/image\/\",\"url\":\"https:\/\/www.aikido-ffab-ra.org\/wp-content\/uploads\/2021\/03\/Logo-cilab.png\",\"contentUrl\":\"https:\/\/www.aikido-ffab-ra.org\/wp-content\/uploads\/2021\/03\/Logo-cilab.png\",\"width\":99,\"height\":100,\"caption\":\"CILAB\"},\"image\":{\"@id\":\"https:\/\/www.aikido-ffab-ra.org\/#\/schema\/logo\/image\/\"}},{\"@type\":\"Person\",\"@id\":\"https:\/\/www.aikido-ffab-ra.org\/#\/schema\/person\/2e632fb129db4dc790a8f2ee37bfda73\",\"name\":\"CILAB FFAB\",\"image\":{\"@type\":\"ImageObject\",\"inLanguage\":\"fr-FR\",\"@id\":\"https:\/\/www.aikido-ffab-ra.org\/#\/schema\/person\/image\/\",\"url\":\"https:\/\/secure.gravatar.com\/avatar\/4819e8da7a8cec51602dd58961a959bccd8ee02ef786afeae67e12aa2acf36e8?s=96&d=mm&r=g\",\"contentUrl\":\"https:\/\/secure.gravatar.com\/avatar\/4819e8da7a8cec51602dd58961a959bccd8ee02ef786afeae67e12aa2acf36e8?s=96&d=mm&r=g\",\"caption\":\"CILAB FFAB\"}}]}<\/script>\n<!-- \/ Yoast SEO plugin. -->","yoast_head_json":{"title":"Stage A\u00efkido S\u00c9NIORS en semaine du 20 au 23\/03\/2023 - CILAB","description":"Le stage S\u00c9NIORS en semaine sera anim\u00e9 par Jean Marc Fournier Ren\u00e9e Lebourdais Yves Spenl\u00e9 Il se tiendra dans trois lieux diff\u00e9rents : Lundi 20\/03\/2023 de","robots":{"index":"index","follow":"follow","max-snippet":"max-snippet:-1","max-image-preview":"max-image-preview:large","max-video-preview":"max-video-preview:-1"},"canonical":"https:\/\/www.aikido-ffab-ra.org\/?p=4002","og_locale":"fr_FR","og_type":"article","og_title":"Stage A\u00efkido S\u00c9NIORS en semaine du 20 au 23\/03\/2023 - CILAB","og_description":"Le stage S\u00c9NIORS en semaine sera anim\u00e9 par Jean Marc Fournier Ren\u00e9e Lebourdais Yves Spenl\u00e9 Il se tiendra dans trois lieux diff\u00e9rents : Lundi 20\/03\/2023 de","og_url":"https:\/\/www.aikido-ffab-ra.org\/?p=4002","og_site_name":"CILAB","article_publisher":"https:\/\/www.facebook.com\/aikido.cilab.7","article_published_time":"2023-03-20T15:06:41+00:00","article_modified_time":"2023-04-15T18:43:04+00:00","og_image":[{"width":694,"height":982,"url":"https:\/\/www.aikido-ffab-ra.org\/wp-content\/uploads\/actualites\/stage-seniors-en-semaine-du-20-au-23-03-2023\/2023-03-20-23-stages-seniors.jpeg","type":"image\/jpeg"}],"author":"CILAB FFAB","twitter_card":"summary_large_image","twitter_misc":{"\u00c9crit par":"CILAB FFAB","Dur\u00e9e de lecture estim\u00e9e":"1 minute"},"schema":{"@context":"https:\/\/schema.org","@graph":[{"@type":"Article","@id":"https:\/\/www.aikido-ffab-ra.org\/?p=4002#article","isPartOf":{"@id":"https:\/\/www.aikido-ffab-ra.org\/?p=4002"},"author":{"name":"CILAB FFAB","@id":"https:\/\/www.aikido-ffab-ra.org\/#\/schema\/person\/2e632fb129db4dc790a8f2ee37bfda73"},"headline":"Stage A\u00efkido S\u00c9NIORS en semaine du 20 au 23\/03\/2023","datePublished":"2023-03-20T15:06:41+00:00","dateModified":"2023-04-15T18:43:04+00:00","mainEntityOfPage":{"@id":"https:\/\/www.aikido-ffab-ra.org\/?p=4002"},"wordCount":83,"commentCount":0,"publisher":{"@id":"https:\/\/www.aikido-ffab-ra.org\/#organization"},"articleSection":["Stages"],"inLanguage":"fr-FR","potentialAction":[{"@type":"CommentAction","name":"Comment","target":["https:\/\/www.aikido-ffab-ra.org\/?p=4002#respond"]}]},{"@type":"WebPage","@id":"https:\/\/www.aikido-ffab-ra.org\/?p=4002","url":"https:\/\/www.aikido-ffab-ra.org\/?p=4002","name":"Stage A\u00efkido S\u00c9NIORS en semaine du 20 au 23\/03\/2023 - CILAB","isPartOf":{"@id":"https:\/\/www.aikido-ffab-ra.org\/#website"},"datePublished":"2023-03-20T15:06:41+00:00","dateModified":"2023-04-15T18:43:04+00:00","description":"Le stage S\u00c9NIORS en semaine sera anim\u00e9 par Jean Marc Fournier Ren\u00e9e Lebourdais Yves Spenl\u00e9 Il se tiendra dans trois lieux diff\u00e9rents : Lundi 20\/03\/2023 de","breadcrumb":{"@id":"https:\/\/www.aikido-ffab-ra.org\/?p=4002#breadcrumb"},"inLanguage":"fr-FR","potentialAction":[{"@type":"ReadAction","target":["https:\/\/www.aikido-ffab-ra.org\/?p=4002"]}]},{"@type":"BreadcrumbList","@id":"https:\/\/www.aikido-ffab-ra.org\/?p=4002#breadcrumb","itemListElement":[{"@type":"ListItem","position":1,"name":"Accueil","item":"https:\/\/www.aikido-ffab-ra.org\/"},{"@type":"ListItem","position":2,"name":"Stages","item":"https:\/\/www.aikido-ffab-ra.org\/?cat=37"},{"@type":"ListItem","position":3,"name":"Stage A\u00efkido S\u00c9NIORS en semaine du 20 au 23\/03\/2023"}]},{"@type":"WebSite","@id":"https:\/\/www.aikido-ffab-ra.org\/#website","url":"https:\/\/www.aikido-ffab-ra.org\/","name":"CILAB","description":"","publisher":{"@id":"https:\/\/www.aikido-ffab-ra.org\/#organization"},"potentialAction":[{"@type":"SearchAction","target":{"@type":"EntryPoint","urlTemplate":"https:\/\/www.aikido-ffab-ra.org\/?s={search_term_string}"},"query-input":"required name=search_term_string"}],"inLanguage":"fr-FR"},{"@type":"Organization","@id":"https:\/\/www.aikido-ffab-ra.org\/#organization","name":"CILAB","url":"https:\/\/www.aikido-ffab-ra.org\/","sameAs":["https:\/\/www.instagram.com\/cilab.aikido\/","https:\/\/www.youtube.com\/channel\/UCt35Eapug9SYepppTidRLbA?app=desktop","https:\/\/www.facebook.com\/aikido.cilab.7"],"logo":{"@type":"ImageObject","inLanguage":"fr-FR","@id":"https:\/\/www.aikido-ffab-ra.org\/#\/schema\/logo\/image\/","url":"https:\/\/www.aikido-ffab-ra.org\/wp-content\/uploads\/2021\/03\/Logo-cilab.png","contentUrl":"https:\/\/www.aikido-ffab-ra.org\/wp-content\/uploads\/2021\/03\/Logo-cilab.png","width":99,"height":100,"caption":"CILAB"},"image":{"@id":"https:\/\/www.aikido-ffab-ra.org\/#\/schema\/logo\/image\/"}},{"@type":"Person","@id":"https:\/\/www.aikido-ffab-ra.org\/#\/schema\/person\/2e632fb129db4dc790a8f2ee37bfda73","name":"CILAB FFAB","image":{"@type":"ImageObject","inLanguage":"fr-FR","@id":"https:\/\/www.aikido-ffab-ra.org\/#\/schema\/person\/image\/","url":"https:\/\/secure.gravatar.com\/avatar\/4819e8da7a8cec51602dd58961a959bccd8ee02ef786afeae67e12aa2acf36e8?s=96&d=mm&r=g","contentUrl":"https:\/\/secure.gravatar.com\/avatar\/4819e8da7a8cec51602dd58961a959bccd8ee02ef786afeae67e12aa2acf36e8?s=96&d=mm&r=g","caption":"CILAB FFAB"}}]}},"_links":{"self":[{"href":"https:\/\/www.aikido-ffab-ra.org\/index.php?rest_route=\/wp\/v2\/posts\/4002","targetHints":{"allow":["GET"]}}],"collection":[{"href":"https:\/\/www.aikido-ffab-ra.org\/index.php?rest_route=\/wp\/v2\/posts"}],"about":[{"href":"https:\/\/www.aikido-ffab-ra.org\/index.php?rest_route=\/wp\/v2\/types\/post"}],"author":[{"embeddable":true,"href":"https:\/\/www.aikido-ffab-ra.org\/index.php?rest_route=\/wp\/v2\/users\/3"}],"replies":[{"embeddable":true,"href":"https:\/\/www.aikido-ffab-ra.org\/index.php?rest_route=%2Fwp%2Fv2%2Fcomments&post=4002"}],"version-history":[{"count":2,"href":"https:\/\/www.aikido-ffab-ra.org\/index.php?rest_route=\/wp\/v2\/posts\/4002\/revisions"}],"predecessor-version":[{"id":4006,"href":"https:\/\/www.aikido-ffab-ra.org\/index.php?rest_route=\/wp\/v2\/posts\/4002\/revisions\/4006"}],"wp:featuredmedia":[{"embeddable":true,"href":"https:\/\/www.aikido-ffab-ra.org\/index.php?rest_route=\/wp\/v2\/media\/4003"}],"wp:attachment":[{"href":"https:\/\/www.aikido-ffab-ra.org\/index.php?rest_route=%2Fwp%2Fv2%2Fmedia&parent=4002"}],"wp:term":[{"taxonomy":"category","embeddable":true,"href":"https:\/\/www.aikido-ffab-ra.org\/index.php?rest_route=%2Fwp%2Fv2%2Fcategories&post=4002"},{"taxonomy":"post_tag","embeddable":true,"href":"https:\/\/www.aikido-ffab-ra.org\/index.php?rest_route=%2Fwp%2Fv2%2Ftags&post=4002"}],"curies":[{"name":"wp","href":"https:\/\/api.w.org\/{rel}","templated":true}]}}