{"id":4106,"date":"2023-09-23T15:52:38","date_gmt":"2023-09-23T13:52:38","guid":{"rendered":"https:\/\/www.aikido-ffab-ra.org\/?p=4106"},"modified":"2023-10-12T10:21:33","modified_gmt":"2023-10-12T08:21:33","slug":"stage-aikido-de-rentree-23-09-2023","status":"publish","type":"post","link":"https:\/\/www.aikido-ffab-ra.org\/?p=4106","title":{"rendered":"Stage AIKIDO de rentr\u00e9e 23\/09\/2023"},"content":{"rendered":"<p>Pour cette rentr\u00e9e 2023-2024, \u00e0 la suite de son assembl\u00e9e g\u00e9n\u00e9rale 2023, le CILAB organise un stage de rentr\u00e9e pour tous<\/p>\n<ul>\n<li><strong>Samedi 23 septembre 2023<\/strong><\/li>\n<li>De 15h00 \u00e0 17h00<\/li>\n<li><a href=\"https:\/\/www.google.com\/maps\/place\/Club+d'A\u00efkido+d'Irigny\/@45.6917665,4.8248085,15z\/data=!4m2!3m1!1s0x0:0x3fc323054f95fd69?sa=X&amp;ved=2ahUKEwjZj5aPzKv6AhUXgP0HHc2hBKcQ_BJ6BAg4EAg\" target=\"_blank\" rel=\"noopener\">Au DOJO du club d&rsquo;Irigny 21 rue du stage 69540 IRIGNY<\/a><\/li>\n<li>Avec l&rsquo;\u00e9quipe technique du CILAB<\/li>\n<li>Affiche en t\u00e9l\u00e9chargement pour affichage en club<br \/>\n<a href=\"https:\/\/www.aikido-ffab-ra.org\/wp-content\/uploads\/stages\/stage-aikido-de-rentree-23-09-2023\/2023-09-23-Stage-AIKIDO-de-rentree-2023-2024.pdf\">Stage AIKIDO de rentr\u00e9e-2023 2024<\/a><\/li>\n<\/ul>\n<p><img loading=\"lazy\" decoding=\"async\" class=\"alignnone size-full wp-image-4108\" src=\"https:\/\/www.aikido-ffab-ra.org\/wp-content\/uploads\/stages\/stage-aikido-de-rentree-23-09-2023\/2023-09-23-Stage-AIKIDO-de-rentree-2023-2024.jpeg\" alt=\"Stage AIKIDO de rentr\u00e9e-2023 2024\" width=\"694\" height=\"982\" srcset=\"https:\/\/www.aikido-ffab-ra.org\/wp-content\/uploads\/stages\/stage-aikido-de-rentree-23-09-2023\/2023-09-23-Stage-AIKIDO-de-rentree-2023-2024.jpeg 694w, https:\/\/www.aikido-ffab-ra.org\/wp-content\/uploads\/stages\/stage-aikido-de-rentree-23-09-2023\/2023-09-23-Stage-AIKIDO-de-rentree-2023-2024-450x637.jpeg 450w\" sizes=\"auto, (max-width: 694px) 100vw, 694px\" \/><\/p>\n","protected":false},"excerpt":{"rendered":"<p>Pour cette rentr\u00e9e 2023-2024, \u00e0 la suite de son assembl\u00e9e g\u00e9n\u00e9rale 2023, le CILAB organise un stage de rentr\u00e9e pour tous Samedi 23 septembre 2023 De 15h00 \u00e0 17h00 Au DOJO du club d&rsquo;Irigny 21 rue du stage 69540 IRIGNY Avec l&rsquo;\u00e9quipe technique du CILAB Affiche en t\u00e9l\u00e9chargement pour affichage en club Stage AIKIDO de [&hellip;]<\/p>\n","protected":false},"author":3,"featured_media":4108,"comment_status":"open","ping_status":"open","sticky":false,"template":"","format":"standard","meta":{"footnotes":""},"categories":[37],"tags":[],"class_list":["post-4106","post","type-post","status-publish","format-standard","has-post-thumbnail","hentry","category-stages","entry","has-media"],"yoast_head":"<!-- This site is optimized with the Yoast SEO plugin v19.7.1 - https:\/\/yoast.com\/wordpress\/plugins\/seo\/ -->\n<title>Stage AIKIDO de rentr\u00e9e 23\/09\/2023 - CILAB<\/title>\n<meta name=\"description\" content=\"Stage AIKIDO de rentr\u00e9e 2023 organis\u00e9 par le CILAB FFAB (Comit\u00e9 Interd\u00e9partementale du Lyonnais Aikido et Budo)\" \/>\n<meta name=\"robots\" content=\"index, follow, max-snippet:-1, max-image-preview:large, max-video-preview:-1\" \/>\n<link rel=\"canonical\" href=\"https:\/\/www.aikido-ffab-ra.org\/?p=4106\" \/>\n<meta property=\"og:locale\" content=\"fr_FR\" \/>\n<meta property=\"og:type\" content=\"article\" \/>\n<meta property=\"og:title\" content=\"Stage AIKIDO de rentr\u00e9e 23\/09\/2023 - CILAB\" \/>\n<meta property=\"og:description\" content=\"Stage AIKIDO de rentr\u00e9e 2023 organis\u00e9 par le CILAB FFAB (Comit\u00e9 Interd\u00e9partementale du Lyonnais Aikido et Budo)\" \/>\n<meta property=\"og:url\" content=\"https:\/\/www.aikido-ffab-ra.org\/?p=4106\" \/>\n<meta property=\"og:site_name\" content=\"CILAB\" \/>\n<meta property=\"article:publisher\" content=\"https:\/\/www.facebook.com\/aikido.cilab.7\" \/>\n<meta property=\"article:published_time\" content=\"2023-09-23T13:52:38+00:00\" \/>\n<meta property=\"article:modified_time\" content=\"2023-10-12T08:21:33+00:00\" \/>\n<meta property=\"og:image\" content=\"https:\/\/www.aikido-ffab-ra.org\/wp-content\/uploads\/stages\/stage-aikido-de-rentree-23-09-2023\/2023-09-23-Stage-AIKIDO-de-rentree-2023-2024.jpeg\" \/>\n\t<meta property=\"og:image:width\" content=\"694\" \/>\n\t<meta property=\"og:image:height\" content=\"982\" \/>\n\t<meta property=\"og:image:type\" content=\"image\/jpeg\" \/>\n<meta name=\"author\" content=\"CILAB FFAB\" \/>\n<meta name=\"twitter:card\" content=\"summary_large_image\" \/>\n<meta name=\"twitter:label1\" content=\"\u00c9crit par\" \/>\n\t<meta name=\"twitter:data1\" content=\"CILAB FFAB\" \/>\n\t<meta name=\"twitter:label2\" content=\"Dur\u00e9e de lecture estim\u00e9e\" \/>\n\t<meta name=\"twitter:data2\" content=\"1 minute\" \/>\n<script type=\"application\/ld+json\" class=\"yoast-schema-graph\">{\"@context\":\"https:\/\/schema.org\",\"@graph\":[{\"@type\":\"Article\",\"@id\":\"https:\/\/www.aikido-ffab-ra.org\/?p=4106#article\",\"isPartOf\":{\"@id\":\"https:\/\/www.aikido-ffab-ra.org\/?p=4106\"},\"author\":{\"name\":\"CILAB FFAB\",\"@id\":\"https:\/\/www.aikido-ffab-ra.org\/#\/schema\/person\/2e632fb129db4dc790a8f2ee37bfda73\"},\"headline\":\"Stage AIKIDO de rentr\u00e9e 23\/09\/2023\",\"datePublished\":\"2023-09-23T13:52:38+00:00\",\"dateModified\":\"2023-10-12T08:21:33+00:00\",\"mainEntityOfPage\":{\"@id\":\"https:\/\/www.aikido-ffab-ra.org\/?p=4106\"},\"wordCount\":63,\"commentCount\":0,\"publisher\":{\"@id\":\"https:\/\/www.aikido-ffab-ra.org\/#organization\"},\"articleSection\":[\"Stages\"],\"inLanguage\":\"fr-FR\",\"potentialAction\":[{\"@type\":\"CommentAction\",\"name\":\"Comment\",\"target\":[\"https:\/\/www.aikido-ffab-ra.org\/?p=4106#respond\"]}]},{\"@type\":\"WebPage\",\"@id\":\"https:\/\/www.aikido-ffab-ra.org\/?p=4106\",\"url\":\"https:\/\/www.aikido-ffab-ra.org\/?p=4106\",\"name\":\"Stage AIKIDO de rentr\u00e9e 23\/09\/2023 - CILAB\",\"isPartOf\":{\"@id\":\"https:\/\/www.aikido-ffab-ra.org\/#website\"},\"datePublished\":\"2023-09-23T13:52:38+00:00\",\"dateModified\":\"2023-10-12T08:21:33+00:00\",\"description\":\"Stage AIKIDO de rentr\u00e9e 2023 organis\u00e9 par le CILAB FFAB (Comit\u00e9 Interd\u00e9partementale du Lyonnais Aikido et Budo)\",\"breadcrumb\":{\"@id\":\"https:\/\/www.aikido-ffab-ra.org\/?p=4106#breadcrumb\"},\"inLanguage\":\"fr-FR\",\"potentialAction\":[{\"@type\":\"ReadAction\",\"target\":[\"https:\/\/www.aikido-ffab-ra.org\/?p=4106\"]}]},{\"@type\":\"BreadcrumbList\",\"@id\":\"https:\/\/www.aikido-ffab-ra.org\/?p=4106#breadcrumb\",\"itemListElement\":[{\"@type\":\"ListItem\",\"position\":1,\"name\":\"Accueil\",\"item\":\"https:\/\/www.aikido-ffab-ra.org\/\"},{\"@type\":\"ListItem\",\"position\":2,\"name\":\"Stages\",\"item\":\"https:\/\/www.aikido-ffab-ra.org\/?cat=37\"},{\"@type\":\"ListItem\",\"position\":3,\"name\":\"Stage AIKIDO de rentr\u00e9e 23\/09\/2023\"}]},{\"@type\":\"WebSite\",\"@id\":\"https:\/\/www.aikido-ffab-ra.org\/#website\",\"url\":\"https:\/\/www.aikido-ffab-ra.org\/\",\"name\":\"CILAB\",\"description\":\"\",\"publisher\":{\"@id\":\"https:\/\/www.aikido-ffab-ra.org\/#organization\"},\"potentialAction\":[{\"@type\":\"SearchAction\",\"target\":{\"@type\":\"EntryPoint\",\"urlTemplate\":\"https:\/\/www.aikido-ffab-ra.org\/?s={search_term_string}\"},\"query-input\":\"required name=search_term_string\"}],\"inLanguage\":\"fr-FR\"},{\"@type\":\"Organization\",\"@id\":\"https:\/\/www.aikido-ffab-ra.org\/#organization\",\"name\":\"CILAB\",\"url\":\"https:\/\/www.aikido-ffab-ra.org\/\",\"sameAs\":[\"https:\/\/www.instagram.com\/cilab.aikido\/\",\"https:\/\/www.youtube.com\/channel\/UCt35Eapug9SYepppTidRLbA?app=desktop\",\"https:\/\/www.facebook.com\/aikido.cilab.7\"],\"logo\":{\"@type\":\"ImageObject\",\"inLanguage\":\"fr-FR\",\"@id\":\"https:\/\/www.aikido-ffab-ra.org\/#\/schema\/logo\/image\/\",\"url\":\"https:\/\/www.aikido-ffab-ra.org\/wp-content\/uploads\/2021\/03\/Logo-cilab.png\",\"contentUrl\":\"https:\/\/www.aikido-ffab-ra.org\/wp-content\/uploads\/2021\/03\/Logo-cilab.png\",\"width\":99,\"height\":100,\"caption\":\"CILAB\"},\"image\":{\"@id\":\"https:\/\/www.aikido-ffab-ra.org\/#\/schema\/logo\/image\/\"}},{\"@type\":\"Person\",\"@id\":\"https:\/\/www.aikido-ffab-ra.org\/#\/schema\/person\/2e632fb129db4dc790a8f2ee37bfda73\",\"name\":\"CILAB FFAB\",\"image\":{\"@type\":\"ImageObject\",\"inLanguage\":\"fr-FR\",\"@id\":\"https:\/\/www.aikido-ffab-ra.org\/#\/schema\/person\/image\/\",\"url\":\"https:\/\/secure.gravatar.com\/avatar\/4819e8da7a8cec51602dd58961a959bccd8ee02ef786afeae67e12aa2acf36e8?s=96&d=mm&r=g\",\"contentUrl\":\"https:\/\/secure.gravatar.com\/avatar\/4819e8da7a8cec51602dd58961a959bccd8ee02ef786afeae67e12aa2acf36e8?s=96&d=mm&r=g\",\"caption\":\"CILAB FFAB\"}}]}<\/script>\n<!-- \/ Yoast SEO plugin. -->","yoast_head_json":{"title":"Stage AIKIDO de rentr\u00e9e 23\/09\/2023 - CILAB","description":"Stage AIKIDO de rentr\u00e9e 2023 organis\u00e9 par le CILAB FFAB (Comit\u00e9 Interd\u00e9partementale du Lyonnais Aikido et Budo)","robots":{"index":"index","follow":"follow","max-snippet":"max-snippet:-1","max-image-preview":"max-image-preview:large","max-video-preview":"max-video-preview:-1"},"canonical":"https:\/\/www.aikido-ffab-ra.org\/?p=4106","og_locale":"fr_FR","og_type":"article","og_title":"Stage AIKIDO de rentr\u00e9e 23\/09\/2023 - CILAB","og_description":"Stage AIKIDO de rentr\u00e9e 2023 organis\u00e9 par le CILAB FFAB (Comit\u00e9 Interd\u00e9partementale du Lyonnais Aikido et Budo)","og_url":"https:\/\/www.aikido-ffab-ra.org\/?p=4106","og_site_name":"CILAB","article_publisher":"https:\/\/www.facebook.com\/aikido.cilab.7","article_published_time":"2023-09-23T13:52:38+00:00","article_modified_time":"2023-10-12T08:21:33+00:00","og_image":[{"width":694,"height":982,"url":"https:\/\/www.aikido-ffab-ra.org\/wp-content\/uploads\/stages\/stage-aikido-de-rentree-23-09-2023\/2023-09-23-Stage-AIKIDO-de-rentree-2023-2024.jpeg","type":"image\/jpeg"}],"author":"CILAB FFAB","twitter_card":"summary_large_image","twitter_misc":{"\u00c9crit par":"CILAB FFAB","Dur\u00e9e de lecture estim\u00e9e":"1 minute"},"schema":{"@context":"https:\/\/schema.org","@graph":[{"@type":"Article","@id":"https:\/\/www.aikido-ffab-ra.org\/?p=4106#article","isPartOf":{"@id":"https:\/\/www.aikido-ffab-ra.org\/?p=4106"},"author":{"name":"CILAB FFAB","@id":"https:\/\/www.aikido-ffab-ra.org\/#\/schema\/person\/2e632fb129db4dc790a8f2ee37bfda73"},"headline":"Stage AIKIDO de rentr\u00e9e 23\/09\/2023","datePublished":"2023-09-23T13:52:38+00:00","dateModified":"2023-10-12T08:21:33+00:00","mainEntityOfPage":{"@id":"https:\/\/www.aikido-ffab-ra.org\/?p=4106"},"wordCount":63,"commentCount":0,"publisher":{"@id":"https:\/\/www.aikido-ffab-ra.org\/#organization"},"articleSection":["Stages"],"inLanguage":"fr-FR","potentialAction":[{"@type":"CommentAction","name":"Comment","target":["https:\/\/www.aikido-ffab-ra.org\/?p=4106#respond"]}]},{"@type":"WebPage","@id":"https:\/\/www.aikido-ffab-ra.org\/?p=4106","url":"https:\/\/www.aikido-ffab-ra.org\/?p=4106","name":"Stage AIKIDO de rentr\u00e9e 23\/09\/2023 - CILAB","isPartOf":{"@id":"https:\/\/www.aikido-ffab-ra.org\/#website"},"datePublished":"2023-09-23T13:52:38+00:00","dateModified":"2023-10-12T08:21:33+00:00","description":"Stage AIKIDO de rentr\u00e9e 2023 organis\u00e9 par le CILAB FFAB (Comit\u00e9 Interd\u00e9partementale du Lyonnais Aikido et Budo)","breadcrumb":{"@id":"https:\/\/www.aikido-ffab-ra.org\/?p=4106#breadcrumb"},"inLanguage":"fr-FR","potentialAction":[{"@type":"ReadAction","target":["https:\/\/www.aikido-ffab-ra.org\/?p=4106"]}]},{"@type":"BreadcrumbList","@id":"https:\/\/www.aikido-ffab-ra.org\/?p=4106#breadcrumb","itemListElement":[{"@type":"ListItem","position":1,"name":"Accueil","item":"https:\/\/www.aikido-ffab-ra.org\/"},{"@type":"ListItem","position":2,"name":"Stages","item":"https:\/\/www.aikido-ffab-ra.org\/?cat=37"},{"@type":"ListItem","position":3,"name":"Stage AIKIDO de rentr\u00e9e 23\/09\/2023"}]},{"@type":"WebSite","@id":"https:\/\/www.aikido-ffab-ra.org\/#website","url":"https:\/\/www.aikido-ffab-ra.org\/","name":"CILAB","description":"","publisher":{"@id":"https:\/\/www.aikido-ffab-ra.org\/#organization"},"potentialAction":[{"@type":"SearchAction","target":{"@type":"EntryPoint","urlTemplate":"https:\/\/www.aikido-ffab-ra.org\/?s={search_term_string}"},"query-input":"required name=search_term_string"}],"inLanguage":"fr-FR"},{"@type":"Organization","@id":"https:\/\/www.aikido-ffab-ra.org\/#organization","name":"CILAB","url":"https:\/\/www.aikido-ffab-ra.org\/","sameAs":["https:\/\/www.instagram.com\/cilab.aikido\/","https:\/\/www.youtube.com\/channel\/UCt35Eapug9SYepppTidRLbA?app=desktop","https:\/\/www.facebook.com\/aikido.cilab.7"],"logo":{"@type":"ImageObject","inLanguage":"fr-FR","@id":"https:\/\/www.aikido-ffab-ra.org\/#\/schema\/logo\/image\/","url":"https:\/\/www.aikido-ffab-ra.org\/wp-content\/uploads\/2021\/03\/Logo-cilab.png","contentUrl":"https:\/\/www.aikido-ffab-ra.org\/wp-content\/uploads\/2021\/03\/Logo-cilab.png","width":99,"height":100,"caption":"CILAB"},"image":{"@id":"https:\/\/www.aikido-ffab-ra.org\/#\/schema\/logo\/image\/"}},{"@type":"Person","@id":"https:\/\/www.aikido-ffab-ra.org\/#\/schema\/person\/2e632fb129db4dc790a8f2ee37bfda73","name":"CILAB FFAB","image":{"@type":"ImageObject","inLanguage":"fr-FR","@id":"https:\/\/www.aikido-ffab-ra.org\/#\/schema\/person\/image\/","url":"https:\/\/secure.gravatar.com\/avatar\/4819e8da7a8cec51602dd58961a959bccd8ee02ef786afeae67e12aa2acf36e8?s=96&d=mm&r=g","contentUrl":"https:\/\/secure.gravatar.com\/avatar\/4819e8da7a8cec51602dd58961a959bccd8ee02ef786afeae67e12aa2acf36e8?s=96&d=mm&r=g","caption":"CILAB FFAB"}}]}},"_links":{"self":[{"href":"https:\/\/www.aikido-ffab-ra.org\/index.php?rest_route=\/wp\/v2\/posts\/4106","targetHints":{"allow":["GET"]}}],"collection":[{"href":"https:\/\/www.aikido-ffab-ra.org\/index.php?rest_route=\/wp\/v2\/posts"}],"about":[{"href":"https:\/\/www.aikido-ffab-ra.org\/index.php?rest_route=\/wp\/v2\/types\/post"}],"author":[{"embeddable":true,"href":"https:\/\/www.aikido-ffab-ra.org\/index.php?rest_route=\/wp\/v2\/users\/3"}],"replies":[{"embeddable":true,"href":"https:\/\/www.aikido-ffab-ra.org\/index.php?rest_route=%2Fwp%2Fv2%2Fcomments&post=4106"}],"version-history":[{"count":1,"href":"https:\/\/www.aikido-ffab-ra.org\/index.php?rest_route=\/wp\/v2\/posts\/4106\/revisions"}],"predecessor-version":[{"id":4109,"href":"https:\/\/www.aikido-ffab-ra.org\/index.php?rest_route=\/wp\/v2\/posts\/4106\/revisions\/4109"}],"wp:featuredmedia":[{"embeddable":true,"href":"https:\/\/www.aikido-ffab-ra.org\/index.php?rest_route=\/wp\/v2\/media\/4108"}],"wp:attachment":[{"href":"https:\/\/www.aikido-ffab-ra.org\/index.php?rest_route=%2Fwp%2Fv2%2Fmedia&parent=4106"}],"wp:term":[{"taxonomy":"category","embeddable":true,"href":"https:\/\/www.aikido-ffab-ra.org\/index.php?rest_route=%2Fwp%2Fv2%2Fcategories&post=4106"},{"taxonomy":"post_tag","embeddable":true,"href":"https:\/\/www.aikido-ffab-ra.org\/index.php?rest_route=%2Fwp%2Fv2%2Ftags&post=4106"}],"curies":[{"name":"wp","href":"https:\/\/api.w.org\/{rel}","templated":true}]}}