{"id":4160,"date":"2023-10-12T10:14:06","date_gmt":"2023-10-12T08:14:06","guid":{"rendered":"https:\/\/www.aikido-ffab-ra.org\/?p=4160"},"modified":"2023-11-25T08:36:40","modified_gmt":"2023-11-25T07:36:40","slug":"stage-jeunes-14-10-2023","status":"publish","type":"post","link":"https:\/\/www.aikido-ffab-ra.org\/?p=4160","title":{"rendered":"Stage JEUNES &#8211; 14\/10\/2023"},"content":{"rendered":"<p>Le CILAB organise un stage JEUNES, dans le cadre de la formation des Enseignants, public Jeunes.<\/p>\n<ul>\n<li><strong>Samedi 14 octobre 2023 APR\u00c8S-MIDI<\/strong><\/li>\n<li><strong>Stage JEUNES,<\/strong> ouvertes aux jeunes pratiquants de 8 \u00e0 18 ans, tous niveaux.<\/li>\n<li>De 15h00 \u00e0 17h00<\/li>\n<li><a href=\"https:\/\/www.google.com\/maps\/place\/A\u00cfKIDO+Lyon+CONFLUENCE+-+UNSUI+DOJO\/@45.7413777,4.8188246,17z\/data=!4m5!3m4!1s0x47f4ebcbbf6a1933:0x74eefa9ed3cd83a9!8m2!3d45.7413472!4d4.8210888\">Club UNSUI DOJO A\u00efkido Confluence, au DOJO de la Halle aux Fleurs, 66 rue Smith, 69002 LYON<\/a><\/li>\n<li>Anim\u00e9 par la commission jeunes du CILAB avec Nicolas Rivi\u00e8res &amp; Ralph Nicolas<\/li>\n<\/ul>\n<p><img loading=\"lazy\" decoding=\"async\" class=\"alignnone size-full wp-image-4161\" src=\"https:\/\/www.aikido-ffab-ra.org\/wp-content\/uploads\/stages-jeunes\/stage-jeunes-14-10-2023\/2023-10-14-Stage-jeunes_Nicolas-Riviere_Lyon2_JEUNES.jpeg\" alt=\"2023-10-14-Stage AIKIDO jeunes - Lyon 2\" width=\"694\" height=\"982\" srcset=\"https:\/\/www.aikido-ffab-ra.org\/wp-content\/uploads\/stages-jeunes\/stage-jeunes-14-10-2023\/2023-10-14-Stage-jeunes_Nicolas-Riviere_Lyon2_JEUNES.jpeg 694w, https:\/\/www.aikido-ffab-ra.org\/wp-content\/uploads\/stages-jeunes\/stage-jeunes-14-10-2023\/2023-10-14-Stage-jeunes_Nicolas-Riviere_Lyon2_JEUNES-450x637.jpeg 450w\" sizes=\"auto, (max-width: 694px) 100vw, 694px\" \/><\/p>\n","protected":false},"excerpt":{"rendered":"<p>Le CILAB organise un stage JEUNES, dans le cadre de la formation des Enseignants, public Jeunes. Samedi 14 octobre 2023 APR\u00c8S-MIDI Stage JEUNES, ouvertes aux jeunes pratiquants de 8 \u00e0 18 ans, tous niveaux. De 15h00 \u00e0 17h00 Club UNSUI DOJO A\u00efkido Confluence, au DOJO de la Halle aux Fleurs, 66 rue Smith, 69002 LYON [&hellip;]<\/p>\n","protected":false},"author":3,"featured_media":4161,"comment_status":"open","ping_status":"open","sticky":false,"template":"","format":"standard","meta":{"footnotes":""},"categories":[39],"tags":[],"class_list":["post-4160","post","type-post","status-publish","format-standard","has-post-thumbnail","hentry","category-stages-jeunes","entry","has-media"],"yoast_head":"<!-- This site is optimized with the Yoast SEO plugin v19.7.1 - https:\/\/yoast.com\/wordpress\/plugins\/seo\/ -->\n<title>Stage JEUNES - 14\/10\/2023 - CILAB<\/title>\n<meta name=\"description\" content=\"Le CILAB organise un stage JEUNES, dans le cadre de la formation des Enseignants, public Jeunes. Samedi 14 octobre 2023 APR\u00c8S-MIDI Stage JEUNES, ouvertes\" \/>\n<meta name=\"robots\" content=\"index, follow, max-snippet:-1, max-image-preview:large, max-video-preview:-1\" \/>\n<link rel=\"canonical\" href=\"https:\/\/www.aikido-ffab-ra.org\/?p=4160\" \/>\n<meta property=\"og:locale\" content=\"fr_FR\" \/>\n<meta property=\"og:type\" content=\"article\" \/>\n<meta property=\"og:title\" content=\"Stage JEUNES - 14\/10\/2023 - CILAB\" \/>\n<meta property=\"og:description\" content=\"Le CILAB organise un stage JEUNES, dans le cadre de la formation des Enseignants, public Jeunes. Samedi 14 octobre 2023 APR\u00c8S-MIDI Stage JEUNES, ouvertes\" \/>\n<meta property=\"og:url\" content=\"https:\/\/www.aikido-ffab-ra.org\/?p=4160\" \/>\n<meta property=\"og:site_name\" content=\"CILAB\" \/>\n<meta property=\"article:publisher\" content=\"https:\/\/www.facebook.com\/aikido.cilab.7\" \/>\n<meta property=\"article:published_time\" content=\"2023-10-12T08:14:06+00:00\" \/>\n<meta property=\"article:modified_time\" content=\"2023-11-25T07:36:40+00:00\" \/>\n<meta property=\"og:image\" content=\"https:\/\/www.aikido-ffab-ra.org\/wp-content\/uploads\/stages-jeunes\/stage-jeunes-14-10-2023\/2023-10-14-Stage-jeunes_Nicolas-Riviere_Lyon2_JEUNES.jpeg\" \/>\n\t<meta property=\"og:image:width\" content=\"694\" \/>\n\t<meta property=\"og:image:height\" content=\"982\" \/>\n\t<meta property=\"og:image:type\" content=\"image\/jpeg\" \/>\n<meta name=\"author\" content=\"CILAB FFAB\" \/>\n<meta name=\"twitter:card\" content=\"summary_large_image\" \/>\n<meta name=\"twitter:label1\" content=\"\u00c9crit par\" \/>\n\t<meta name=\"twitter:data1\" content=\"CILAB FFAB\" \/>\n\t<meta name=\"twitter:label2\" content=\"Dur\u00e9e de lecture estim\u00e9e\" \/>\n\t<meta name=\"twitter:data2\" content=\"1 minute\" \/>\n<script type=\"application\/ld+json\" class=\"yoast-schema-graph\">{\"@context\":\"https:\/\/schema.org\",\"@graph\":[{\"@type\":\"Article\",\"@id\":\"https:\/\/www.aikido-ffab-ra.org\/?p=4160#article\",\"isPartOf\":{\"@id\":\"https:\/\/www.aikido-ffab-ra.org\/?p=4160\"},\"author\":{\"name\":\"CILAB FFAB\",\"@id\":\"https:\/\/www.aikido-ffab-ra.org\/#\/schema\/person\/2e632fb129db4dc790a8f2ee37bfda73\"},\"headline\":\"Stage JEUNES &#8211; 14\/10\/2023\",\"datePublished\":\"2023-10-12T08:14:06+00:00\",\"dateModified\":\"2023-11-25T07:36:40+00:00\",\"mainEntityOfPage\":{\"@id\":\"https:\/\/www.aikido-ffab-ra.org\/?p=4160\"},\"wordCount\":66,\"commentCount\":0,\"publisher\":{\"@id\":\"https:\/\/www.aikido-ffab-ra.org\/#organization\"},\"articleSection\":[\"Stages jeunes\"],\"inLanguage\":\"fr-FR\",\"potentialAction\":[{\"@type\":\"CommentAction\",\"name\":\"Comment\",\"target\":[\"https:\/\/www.aikido-ffab-ra.org\/?p=4160#respond\"]}]},{\"@type\":\"WebPage\",\"@id\":\"https:\/\/www.aikido-ffab-ra.org\/?p=4160\",\"url\":\"https:\/\/www.aikido-ffab-ra.org\/?p=4160\",\"name\":\"Stage JEUNES - 14\/10\/2023 - CILAB\",\"isPartOf\":{\"@id\":\"https:\/\/www.aikido-ffab-ra.org\/#website\"},\"datePublished\":\"2023-10-12T08:14:06+00:00\",\"dateModified\":\"2023-11-25T07:36:40+00:00\",\"description\":\"Le CILAB organise un stage JEUNES, dans le cadre de la formation des Enseignants, public Jeunes. Samedi 14 octobre 2023 APR\u00c8S-MIDI Stage JEUNES, ouvertes\",\"breadcrumb\":{\"@id\":\"https:\/\/www.aikido-ffab-ra.org\/?p=4160#breadcrumb\"},\"inLanguage\":\"fr-FR\",\"potentialAction\":[{\"@type\":\"ReadAction\",\"target\":[\"https:\/\/www.aikido-ffab-ra.org\/?p=4160\"]}]},{\"@type\":\"BreadcrumbList\",\"@id\":\"https:\/\/www.aikido-ffab-ra.org\/?p=4160#breadcrumb\",\"itemListElement\":[{\"@type\":\"ListItem\",\"position\":1,\"name\":\"Accueil\",\"item\":\"https:\/\/www.aikido-ffab-ra.org\/\"},{\"@type\":\"ListItem\",\"position\":2,\"name\":\"Stages jeunes\",\"item\":\"https:\/\/www.aikido-ffab-ra.org\/?cat=39\"},{\"@type\":\"ListItem\",\"position\":3,\"name\":\"Stage JEUNES &#8211; 14\/10\/2023\"}]},{\"@type\":\"WebSite\",\"@id\":\"https:\/\/www.aikido-ffab-ra.org\/#website\",\"url\":\"https:\/\/www.aikido-ffab-ra.org\/\",\"name\":\"CILAB\",\"description\":\"\",\"publisher\":{\"@id\":\"https:\/\/www.aikido-ffab-ra.org\/#organization\"},\"potentialAction\":[{\"@type\":\"SearchAction\",\"target\":{\"@type\":\"EntryPoint\",\"urlTemplate\":\"https:\/\/www.aikido-ffab-ra.org\/?s={search_term_string}\"},\"query-input\":\"required name=search_term_string\"}],\"inLanguage\":\"fr-FR\"},{\"@type\":\"Organization\",\"@id\":\"https:\/\/www.aikido-ffab-ra.org\/#organization\",\"name\":\"CILAB\",\"url\":\"https:\/\/www.aikido-ffab-ra.org\/\",\"sameAs\":[\"https:\/\/www.instagram.com\/cilab.aikido\/\",\"https:\/\/www.youtube.com\/channel\/UCt35Eapug9SYepppTidRLbA?app=desktop\",\"https:\/\/www.facebook.com\/aikido.cilab.7\"],\"logo\":{\"@type\":\"ImageObject\",\"inLanguage\":\"fr-FR\",\"@id\":\"https:\/\/www.aikido-ffab-ra.org\/#\/schema\/logo\/image\/\",\"url\":\"https:\/\/www.aikido-ffab-ra.org\/wp-content\/uploads\/2021\/03\/Logo-cilab.png\",\"contentUrl\":\"https:\/\/www.aikido-ffab-ra.org\/wp-content\/uploads\/2021\/03\/Logo-cilab.png\",\"width\":99,\"height\":100,\"caption\":\"CILAB\"},\"image\":{\"@id\":\"https:\/\/www.aikido-ffab-ra.org\/#\/schema\/logo\/image\/\"}},{\"@type\":\"Person\",\"@id\":\"https:\/\/www.aikido-ffab-ra.org\/#\/schema\/person\/2e632fb129db4dc790a8f2ee37bfda73\",\"name\":\"CILAB FFAB\",\"image\":{\"@type\":\"ImageObject\",\"inLanguage\":\"fr-FR\",\"@id\":\"https:\/\/www.aikido-ffab-ra.org\/#\/schema\/person\/image\/\",\"url\":\"https:\/\/secure.gravatar.com\/avatar\/4819e8da7a8cec51602dd58961a959bccd8ee02ef786afeae67e12aa2acf36e8?s=96&d=mm&r=g\",\"contentUrl\":\"https:\/\/secure.gravatar.com\/avatar\/4819e8da7a8cec51602dd58961a959bccd8ee02ef786afeae67e12aa2acf36e8?s=96&d=mm&r=g\",\"caption\":\"CILAB FFAB\"}}]}<\/script>\n<!-- \/ Yoast SEO plugin. -->","yoast_head_json":{"title":"Stage JEUNES - 14\/10\/2023 - CILAB","description":"Le CILAB organise un stage JEUNES, dans le cadre de la formation des Enseignants, public Jeunes. Samedi 14 octobre 2023 APR\u00c8S-MIDI Stage JEUNES, ouvertes","robots":{"index":"index","follow":"follow","max-snippet":"max-snippet:-1","max-image-preview":"max-image-preview:large","max-video-preview":"max-video-preview:-1"},"canonical":"https:\/\/www.aikido-ffab-ra.org\/?p=4160","og_locale":"fr_FR","og_type":"article","og_title":"Stage JEUNES - 14\/10\/2023 - CILAB","og_description":"Le CILAB organise un stage JEUNES, dans le cadre de la formation des Enseignants, public Jeunes. Samedi 14 octobre 2023 APR\u00c8S-MIDI Stage JEUNES, ouvertes","og_url":"https:\/\/www.aikido-ffab-ra.org\/?p=4160","og_site_name":"CILAB","article_publisher":"https:\/\/www.facebook.com\/aikido.cilab.7","article_published_time":"2023-10-12T08:14:06+00:00","article_modified_time":"2023-11-25T07:36:40+00:00","og_image":[{"width":694,"height":982,"url":"https:\/\/www.aikido-ffab-ra.org\/wp-content\/uploads\/stages-jeunes\/stage-jeunes-14-10-2023\/2023-10-14-Stage-jeunes_Nicolas-Riviere_Lyon2_JEUNES.jpeg","type":"image\/jpeg"}],"author":"CILAB FFAB","twitter_card":"summary_large_image","twitter_misc":{"\u00c9crit par":"CILAB FFAB","Dur\u00e9e de lecture estim\u00e9e":"1 minute"},"schema":{"@context":"https:\/\/schema.org","@graph":[{"@type":"Article","@id":"https:\/\/www.aikido-ffab-ra.org\/?p=4160#article","isPartOf":{"@id":"https:\/\/www.aikido-ffab-ra.org\/?p=4160"},"author":{"name":"CILAB FFAB","@id":"https:\/\/www.aikido-ffab-ra.org\/#\/schema\/person\/2e632fb129db4dc790a8f2ee37bfda73"},"headline":"Stage JEUNES &#8211; 14\/10\/2023","datePublished":"2023-10-12T08:14:06+00:00","dateModified":"2023-11-25T07:36:40+00:00","mainEntityOfPage":{"@id":"https:\/\/www.aikido-ffab-ra.org\/?p=4160"},"wordCount":66,"commentCount":0,"publisher":{"@id":"https:\/\/www.aikido-ffab-ra.org\/#organization"},"articleSection":["Stages jeunes"],"inLanguage":"fr-FR","potentialAction":[{"@type":"CommentAction","name":"Comment","target":["https:\/\/www.aikido-ffab-ra.org\/?p=4160#respond"]}]},{"@type":"WebPage","@id":"https:\/\/www.aikido-ffab-ra.org\/?p=4160","url":"https:\/\/www.aikido-ffab-ra.org\/?p=4160","name":"Stage JEUNES - 14\/10\/2023 - CILAB","isPartOf":{"@id":"https:\/\/www.aikido-ffab-ra.org\/#website"},"datePublished":"2023-10-12T08:14:06+00:00","dateModified":"2023-11-25T07:36:40+00:00","description":"Le CILAB organise un stage JEUNES, dans le cadre de la formation des Enseignants, public Jeunes. Samedi 14 octobre 2023 APR\u00c8S-MIDI Stage JEUNES, ouvertes","breadcrumb":{"@id":"https:\/\/www.aikido-ffab-ra.org\/?p=4160#breadcrumb"},"inLanguage":"fr-FR","potentialAction":[{"@type":"ReadAction","target":["https:\/\/www.aikido-ffab-ra.org\/?p=4160"]}]},{"@type":"BreadcrumbList","@id":"https:\/\/www.aikido-ffab-ra.org\/?p=4160#breadcrumb","itemListElement":[{"@type":"ListItem","position":1,"name":"Accueil","item":"https:\/\/www.aikido-ffab-ra.org\/"},{"@type":"ListItem","position":2,"name":"Stages jeunes","item":"https:\/\/www.aikido-ffab-ra.org\/?cat=39"},{"@type":"ListItem","position":3,"name":"Stage JEUNES &#8211; 14\/10\/2023"}]},{"@type":"WebSite","@id":"https:\/\/www.aikido-ffab-ra.org\/#website","url":"https:\/\/www.aikido-ffab-ra.org\/","name":"CILAB","description":"","publisher":{"@id":"https:\/\/www.aikido-ffab-ra.org\/#organization"},"potentialAction":[{"@type":"SearchAction","target":{"@type":"EntryPoint","urlTemplate":"https:\/\/www.aikido-ffab-ra.org\/?s={search_term_string}"},"query-input":"required name=search_term_string"}],"inLanguage":"fr-FR"},{"@type":"Organization","@id":"https:\/\/www.aikido-ffab-ra.org\/#organization","name":"CILAB","url":"https:\/\/www.aikido-ffab-ra.org\/","sameAs":["https:\/\/www.instagram.com\/cilab.aikido\/","https:\/\/www.youtube.com\/channel\/UCt35Eapug9SYepppTidRLbA?app=desktop","https:\/\/www.facebook.com\/aikido.cilab.7"],"logo":{"@type":"ImageObject","inLanguage":"fr-FR","@id":"https:\/\/www.aikido-ffab-ra.org\/#\/schema\/logo\/image\/","url":"https:\/\/www.aikido-ffab-ra.org\/wp-content\/uploads\/2021\/03\/Logo-cilab.png","contentUrl":"https:\/\/www.aikido-ffab-ra.org\/wp-content\/uploads\/2021\/03\/Logo-cilab.png","width":99,"height":100,"caption":"CILAB"},"image":{"@id":"https:\/\/www.aikido-ffab-ra.org\/#\/schema\/logo\/image\/"}},{"@type":"Person","@id":"https:\/\/www.aikido-ffab-ra.org\/#\/schema\/person\/2e632fb129db4dc790a8f2ee37bfda73","name":"CILAB FFAB","image":{"@type":"ImageObject","inLanguage":"fr-FR","@id":"https:\/\/www.aikido-ffab-ra.org\/#\/schema\/person\/image\/","url":"https:\/\/secure.gravatar.com\/avatar\/4819e8da7a8cec51602dd58961a959bccd8ee02ef786afeae67e12aa2acf36e8?s=96&d=mm&r=g","contentUrl":"https:\/\/secure.gravatar.com\/avatar\/4819e8da7a8cec51602dd58961a959bccd8ee02ef786afeae67e12aa2acf36e8?s=96&d=mm&r=g","caption":"CILAB FFAB"}}]}},"_links":{"self":[{"href":"https:\/\/www.aikido-ffab-ra.org\/index.php?rest_route=\/wp\/v2\/posts\/4160","targetHints":{"allow":["GET"]}}],"collection":[{"href":"https:\/\/www.aikido-ffab-ra.org\/index.php?rest_route=\/wp\/v2\/posts"}],"about":[{"href":"https:\/\/www.aikido-ffab-ra.org\/index.php?rest_route=\/wp\/v2\/types\/post"}],"author":[{"embeddable":true,"href":"https:\/\/www.aikido-ffab-ra.org\/index.php?rest_route=\/wp\/v2\/users\/3"}],"replies":[{"embeddable":true,"href":"https:\/\/www.aikido-ffab-ra.org\/index.php?rest_route=%2Fwp%2Fv2%2Fcomments&post=4160"}],"version-history":[{"count":2,"href":"https:\/\/www.aikido-ffab-ra.org\/index.php?rest_route=\/wp\/v2\/posts\/4160\/revisions"}],"predecessor-version":[{"id":4179,"href":"https:\/\/www.aikido-ffab-ra.org\/index.php?rest_route=\/wp\/v2\/posts\/4160\/revisions\/4179"}],"wp:featuredmedia":[{"embeddable":true,"href":"https:\/\/www.aikido-ffab-ra.org\/index.php?rest_route=\/wp\/v2\/media\/4161"}],"wp:attachment":[{"href":"https:\/\/www.aikido-ffab-ra.org\/index.php?rest_route=%2Fwp%2Fv2%2Fmedia&parent=4160"}],"wp:term":[{"taxonomy":"category","embeddable":true,"href":"https:\/\/www.aikido-ffab-ra.org\/index.php?rest_route=%2Fwp%2Fv2%2Fcategories&post=4160"},{"taxonomy":"post_tag","embeddable":true,"href":"https:\/\/www.aikido-ffab-ra.org\/index.php?rest_route=%2Fwp%2Fv2%2Ftags&post=4160"}],"curies":[{"name":"wp","href":"https:\/\/api.w.org\/{rel}","templated":true}]}}