{"id":4170,"date":"2023-10-12T10:41:02","date_gmt":"2023-10-12T08:41:02","guid":{"rendered":"https:\/\/www.aikido-ffab-ra.org\/?p=4170"},"modified":"2024-01-05T12:56:08","modified_gmt":"2024-01-05T11:56:08","slug":"ecole-des-cadres-formation-continue-des-enseignants-bifa-16-12-2023","status":"publish","type":"post","link":"https:\/\/www.aikido-ffab-ra.org\/?p=4170","title":{"rendered":"Ecole des cadres &#8211; Formation continue des enseignants &#038; BIFA &#8211; 16\/12\/2023"},"content":{"rendered":"<p>Cette \u00e9cole des cadres sera sur le th\u00e8me de la formation continue des enseignants &amp; du BIFA<\/p>\n<ul>\n<li><strong>Samedi 16 d\u00e9cembre 2023<\/strong><\/li>\n<li>De 9h30 \u00e0 12h00 et de 14h30 \u00e0 16h30<\/li>\n<li><a href=\"https:\/\/www.aikido-feyzin.com\">A\u00efkido Club e FEYZIN &#8211; Complexe sportif &#8211; chemin sous le fort &#8211; 69320 FEYZIN<\/a>\u00a0\/ <span style=\"color: #ff0000;\"><em>Lieu \u00e0 confirmer<\/em><\/span><\/li>\n<li>Avec Nicolas Seguin &amp; Marion Dumoulin &amp; Sandrine Juncker (assistante)<\/li>\n<\/ul>\n<p><strong>Les candidats au BIFA<\/strong> devront s&rsquo;inscrire, <strong>et les titulaires<\/strong> qui le souhaitent devront faire leur demande de renouvellement de timbre, <span style=\"color: #ff0000;\"><strong>avant le 01\/11\/2023<\/strong><\/span> <strong>en remplissant le formulaire BIFA en t\u00e9l\u00e9chargement ci dessous :<\/strong><\/p>\n<p><span style=\"color: #ff0000;\"><strong><a style=\"color: #ff0000;\" href=\"https:\/\/www.aikido-ffab-ra.org\/wp-content\/uploads\/stages\/ecole-des-cadres-formation-continue-des-enseignants-bifa-16-12-2023\/2023-2024-Formulaire-BIFA.pdf\">2023-2024-Formulaire BIFA AIKIDO<\/a><\/strong><\/span><\/p>\n<p>&nbsp;<\/p>\n<p><img loading=\"lazy\" decoding=\"async\" class=\"alignnone size-full wp-image-4172\" src=\"https:\/\/www.aikido-ffab-ra.org\/wp-content\/uploads\/stages\/ecole-des-cadres-formation-continue-des-enseignants-bifa-16-12-2023\/2023-12-16-EDC-formation-enseignants_Dumoulin-Seguin-feyzin.jpeg\" alt=\"2023-12-16-EDC formation enseignants AIKIDO_Dumoulin Seguin-feyzin\" width=\"694\" height=\"982\" srcset=\"https:\/\/www.aikido-ffab-ra.org\/wp-content\/uploads\/stages\/ecole-des-cadres-formation-continue-des-enseignants-bifa-16-12-2023\/2023-12-16-EDC-formation-enseignants_Dumoulin-Seguin-feyzin.jpeg 694w, https:\/\/www.aikido-ffab-ra.org\/wp-content\/uploads\/stages\/ecole-des-cadres-formation-continue-des-enseignants-bifa-16-12-2023\/2023-12-16-EDC-formation-enseignants_Dumoulin-Seguin-feyzin-450x637.jpeg 450w\" sizes=\"auto, (max-width: 694px) 100vw, 694px\" \/><\/p>\n","protected":false},"excerpt":{"rendered":"<p>Cette \u00e9cole des cadres sera sur le th\u00e8me de la formation continue des enseignants &amp; du BIFA Samedi 16 d\u00e9cembre 2023 De 9h30 \u00e0 12h00 et de 14h30 \u00e0 16h30 A\u00efkido Club e FEYZIN &#8211; Complexe sportif &#8211; chemin sous le fort &#8211; 69320 FEYZIN\u00a0\/ Lieu \u00e0 confirmer Avec Nicolas Seguin &amp; Marion Dumoulin &amp; [&hellip;]<\/p>\n","protected":false},"author":3,"featured_media":4172,"comment_status":"open","ping_status":"open","sticky":false,"template":"","format":"standard","meta":{"footnotes":""},"categories":[37],"tags":[],"class_list":["post-4170","post","type-post","status-publish","format-standard","has-post-thumbnail","hentry","category-stages","entry","has-media"],"yoast_head":"<!-- This site is optimized with the Yoast SEO plugin v19.7.1 - https:\/\/yoast.com\/wordpress\/plugins\/seo\/ -->\n<title>Ecole des cadres - Formation continue des enseignants &amp; BIFA - 16\/12\/2023 - CILAB<\/title>\n<meta name=\"description\" content=\"Cette \u00e9cole des cadres sera sur le th\u00e8me de la formation continue des enseignants &amp; du BIFA Samedi 16 d\u00e9cembre 2023 De 9h30 \u00e0 12h00 et de 14h30 \u00e0\" \/>\n<meta name=\"robots\" content=\"index, follow, max-snippet:-1, max-image-preview:large, max-video-preview:-1\" \/>\n<link rel=\"canonical\" href=\"https:\/\/www.aikido-ffab-ra.org\/?p=4170\" \/>\n<meta property=\"og:locale\" content=\"fr_FR\" \/>\n<meta property=\"og:type\" content=\"article\" \/>\n<meta property=\"og:title\" content=\"Ecole des cadres - Formation continue des enseignants &amp; BIFA - 16\/12\/2023 - CILAB\" \/>\n<meta property=\"og:description\" content=\"Cette \u00e9cole des cadres sera sur le th\u00e8me de la formation continue des enseignants &amp; du BIFA Samedi 16 d\u00e9cembre 2023 De 9h30 \u00e0 12h00 et de 14h30 \u00e0\" \/>\n<meta property=\"og:url\" content=\"https:\/\/www.aikido-ffab-ra.org\/?p=4170\" \/>\n<meta property=\"og:site_name\" content=\"CILAB\" \/>\n<meta property=\"article:publisher\" content=\"https:\/\/www.facebook.com\/aikido.cilab.7\" \/>\n<meta property=\"article:published_time\" content=\"2023-10-12T08:41:02+00:00\" \/>\n<meta property=\"article:modified_time\" content=\"2024-01-05T11:56:08+00:00\" \/>\n<meta property=\"og:image\" content=\"https:\/\/www.aikido-ffab-ra.org\/wp-content\/uploads\/stages\/ecole-des-cadres-formation-continue-des-enseignants-bifa-16-12-2023\/2023-12-16-EDC-formation-enseignants_Dumoulin-Seguin-feyzin.jpeg\" \/>\n\t<meta property=\"og:image:width\" content=\"694\" \/>\n\t<meta property=\"og:image:height\" content=\"982\" \/>\n\t<meta property=\"og:image:type\" content=\"image\/jpeg\" \/>\n<meta name=\"author\" content=\"CILAB FFAB\" \/>\n<meta name=\"twitter:card\" content=\"summary_large_image\" \/>\n<meta name=\"twitter:label1\" content=\"\u00c9crit par\" \/>\n\t<meta name=\"twitter:data1\" content=\"CILAB FFAB\" \/>\n\t<meta name=\"twitter:label2\" content=\"Dur\u00e9e de lecture estim\u00e9e\" \/>\n\t<meta name=\"twitter:data2\" content=\"1 minute\" \/>\n<script type=\"application\/ld+json\" class=\"yoast-schema-graph\">{\"@context\":\"https:\/\/schema.org\",\"@graph\":[{\"@type\":\"Article\",\"@id\":\"https:\/\/www.aikido-ffab-ra.org\/?p=4170#article\",\"isPartOf\":{\"@id\":\"https:\/\/www.aikido-ffab-ra.org\/?p=4170\"},\"author\":{\"name\":\"CILAB FFAB\",\"@id\":\"https:\/\/www.aikido-ffab-ra.org\/#\/schema\/person\/2e632fb129db4dc790a8f2ee37bfda73\"},\"headline\":\"Ecole des cadres &#8211; Formation continue des enseignants &#038; BIFA &#8211; 16\/12\/2023\",\"datePublished\":\"2023-10-12T08:41:02+00:00\",\"dateModified\":\"2024-01-05T11:56:08+00:00\",\"mainEntityOfPage\":{\"@id\":\"https:\/\/www.aikido-ffab-ra.org\/?p=4170\"},\"wordCount\":103,\"commentCount\":0,\"publisher\":{\"@id\":\"https:\/\/www.aikido-ffab-ra.org\/#organization\"},\"articleSection\":[\"Stages\"],\"inLanguage\":\"fr-FR\",\"potentialAction\":[{\"@type\":\"CommentAction\",\"name\":\"Comment\",\"target\":[\"https:\/\/www.aikido-ffab-ra.org\/?p=4170#respond\"]}]},{\"@type\":\"WebPage\",\"@id\":\"https:\/\/www.aikido-ffab-ra.org\/?p=4170\",\"url\":\"https:\/\/www.aikido-ffab-ra.org\/?p=4170\",\"name\":\"Ecole des cadres - Formation continue des enseignants & BIFA - 16\/12\/2023 - CILAB\",\"isPartOf\":{\"@id\":\"https:\/\/www.aikido-ffab-ra.org\/#website\"},\"datePublished\":\"2023-10-12T08:41:02+00:00\",\"dateModified\":\"2024-01-05T11:56:08+00:00\",\"description\":\"Cette \u00e9cole des cadres sera sur le th\u00e8me de la formation continue des enseignants &amp; du BIFA Samedi 16 d\u00e9cembre 2023 De 9h30 \u00e0 12h00 et de 14h30 \u00e0\",\"breadcrumb\":{\"@id\":\"https:\/\/www.aikido-ffab-ra.org\/?p=4170#breadcrumb\"},\"inLanguage\":\"fr-FR\",\"potentialAction\":[{\"@type\":\"ReadAction\",\"target\":[\"https:\/\/www.aikido-ffab-ra.org\/?p=4170\"]}]},{\"@type\":\"BreadcrumbList\",\"@id\":\"https:\/\/www.aikido-ffab-ra.org\/?p=4170#breadcrumb\",\"itemListElement\":[{\"@type\":\"ListItem\",\"position\":1,\"name\":\"Accueil\",\"item\":\"https:\/\/www.aikido-ffab-ra.org\/\"},{\"@type\":\"ListItem\",\"position\":2,\"name\":\"Stages\",\"item\":\"https:\/\/www.aikido-ffab-ra.org\/?cat=37\"},{\"@type\":\"ListItem\",\"position\":3,\"name\":\"Ecole des cadres &#8211; Formation continue des enseignants &#038; BIFA &#8211; 16\/12\/2023\"}]},{\"@type\":\"WebSite\",\"@id\":\"https:\/\/www.aikido-ffab-ra.org\/#website\",\"url\":\"https:\/\/www.aikido-ffab-ra.org\/\",\"name\":\"CILAB\",\"description\":\"\",\"publisher\":{\"@id\":\"https:\/\/www.aikido-ffab-ra.org\/#organization\"},\"potentialAction\":[{\"@type\":\"SearchAction\",\"target\":{\"@type\":\"EntryPoint\",\"urlTemplate\":\"https:\/\/www.aikido-ffab-ra.org\/?s={search_term_string}\"},\"query-input\":\"required name=search_term_string\"}],\"inLanguage\":\"fr-FR\"},{\"@type\":\"Organization\",\"@id\":\"https:\/\/www.aikido-ffab-ra.org\/#organization\",\"name\":\"CILAB\",\"url\":\"https:\/\/www.aikido-ffab-ra.org\/\",\"sameAs\":[\"https:\/\/www.instagram.com\/cilab.aikido\/\",\"https:\/\/www.youtube.com\/channel\/UCt35Eapug9SYepppTidRLbA?app=desktop\",\"https:\/\/www.facebook.com\/aikido.cilab.7\"],\"logo\":{\"@type\":\"ImageObject\",\"inLanguage\":\"fr-FR\",\"@id\":\"https:\/\/www.aikido-ffab-ra.org\/#\/schema\/logo\/image\/\",\"url\":\"https:\/\/www.aikido-ffab-ra.org\/wp-content\/uploads\/2021\/03\/Logo-cilab.png\",\"contentUrl\":\"https:\/\/www.aikido-ffab-ra.org\/wp-content\/uploads\/2021\/03\/Logo-cilab.png\",\"width\":99,\"height\":100,\"caption\":\"CILAB\"},\"image\":{\"@id\":\"https:\/\/www.aikido-ffab-ra.org\/#\/schema\/logo\/image\/\"}},{\"@type\":\"Person\",\"@id\":\"https:\/\/www.aikido-ffab-ra.org\/#\/schema\/person\/2e632fb129db4dc790a8f2ee37bfda73\",\"name\":\"CILAB FFAB\",\"image\":{\"@type\":\"ImageObject\",\"inLanguage\":\"fr-FR\",\"@id\":\"https:\/\/www.aikido-ffab-ra.org\/#\/schema\/person\/image\/\",\"url\":\"https:\/\/secure.gravatar.com\/avatar\/4819e8da7a8cec51602dd58961a959bccd8ee02ef786afeae67e12aa2acf36e8?s=96&d=mm&r=g\",\"contentUrl\":\"https:\/\/secure.gravatar.com\/avatar\/4819e8da7a8cec51602dd58961a959bccd8ee02ef786afeae67e12aa2acf36e8?s=96&d=mm&r=g\",\"caption\":\"CILAB FFAB\"}}]}<\/script>\n<!-- \/ Yoast SEO plugin. -->","yoast_head_json":{"title":"Ecole des cadres - Formation continue des enseignants & BIFA - 16\/12\/2023 - CILAB","description":"Cette \u00e9cole des cadres sera sur le th\u00e8me de la formation continue des enseignants &amp; du BIFA Samedi 16 d\u00e9cembre 2023 De 9h30 \u00e0 12h00 et de 14h30 \u00e0","robots":{"index":"index","follow":"follow","max-snippet":"max-snippet:-1","max-image-preview":"max-image-preview:large","max-video-preview":"max-video-preview:-1"},"canonical":"https:\/\/www.aikido-ffab-ra.org\/?p=4170","og_locale":"fr_FR","og_type":"article","og_title":"Ecole des cadres - Formation continue des enseignants & BIFA - 16\/12\/2023 - CILAB","og_description":"Cette \u00e9cole des cadres sera sur le th\u00e8me de la formation continue des enseignants &amp; du BIFA Samedi 16 d\u00e9cembre 2023 De 9h30 \u00e0 12h00 et de 14h30 \u00e0","og_url":"https:\/\/www.aikido-ffab-ra.org\/?p=4170","og_site_name":"CILAB","article_publisher":"https:\/\/www.facebook.com\/aikido.cilab.7","article_published_time":"2023-10-12T08:41:02+00:00","article_modified_time":"2024-01-05T11:56:08+00:00","og_image":[{"width":694,"height":982,"url":"https:\/\/www.aikido-ffab-ra.org\/wp-content\/uploads\/stages\/ecole-des-cadres-formation-continue-des-enseignants-bifa-16-12-2023\/2023-12-16-EDC-formation-enseignants_Dumoulin-Seguin-feyzin.jpeg","type":"image\/jpeg"}],"author":"CILAB FFAB","twitter_card":"summary_large_image","twitter_misc":{"\u00c9crit par":"CILAB FFAB","Dur\u00e9e de lecture estim\u00e9e":"1 minute"},"schema":{"@context":"https:\/\/schema.org","@graph":[{"@type":"Article","@id":"https:\/\/www.aikido-ffab-ra.org\/?p=4170#article","isPartOf":{"@id":"https:\/\/www.aikido-ffab-ra.org\/?p=4170"},"author":{"name":"CILAB FFAB","@id":"https:\/\/www.aikido-ffab-ra.org\/#\/schema\/person\/2e632fb129db4dc790a8f2ee37bfda73"},"headline":"Ecole des cadres &#8211; Formation continue des enseignants &#038; BIFA &#8211; 16\/12\/2023","datePublished":"2023-10-12T08:41:02+00:00","dateModified":"2024-01-05T11:56:08+00:00","mainEntityOfPage":{"@id":"https:\/\/www.aikido-ffab-ra.org\/?p=4170"},"wordCount":103,"commentCount":0,"publisher":{"@id":"https:\/\/www.aikido-ffab-ra.org\/#organization"},"articleSection":["Stages"],"inLanguage":"fr-FR","potentialAction":[{"@type":"CommentAction","name":"Comment","target":["https:\/\/www.aikido-ffab-ra.org\/?p=4170#respond"]}]},{"@type":"WebPage","@id":"https:\/\/www.aikido-ffab-ra.org\/?p=4170","url":"https:\/\/www.aikido-ffab-ra.org\/?p=4170","name":"Ecole des cadres - Formation continue des enseignants & BIFA - 16\/12\/2023 - CILAB","isPartOf":{"@id":"https:\/\/www.aikido-ffab-ra.org\/#website"},"datePublished":"2023-10-12T08:41:02+00:00","dateModified":"2024-01-05T11:56:08+00:00","description":"Cette \u00e9cole des cadres sera sur le th\u00e8me de la formation continue des enseignants &amp; du BIFA Samedi 16 d\u00e9cembre 2023 De 9h30 \u00e0 12h00 et de 14h30 \u00e0","breadcrumb":{"@id":"https:\/\/www.aikido-ffab-ra.org\/?p=4170#breadcrumb"},"inLanguage":"fr-FR","potentialAction":[{"@type":"ReadAction","target":["https:\/\/www.aikido-ffab-ra.org\/?p=4170"]}]},{"@type":"BreadcrumbList","@id":"https:\/\/www.aikido-ffab-ra.org\/?p=4170#breadcrumb","itemListElement":[{"@type":"ListItem","position":1,"name":"Accueil","item":"https:\/\/www.aikido-ffab-ra.org\/"},{"@type":"ListItem","position":2,"name":"Stages","item":"https:\/\/www.aikido-ffab-ra.org\/?cat=37"},{"@type":"ListItem","position":3,"name":"Ecole des cadres &#8211; Formation continue des enseignants &#038; BIFA &#8211; 16\/12\/2023"}]},{"@type":"WebSite","@id":"https:\/\/www.aikido-ffab-ra.org\/#website","url":"https:\/\/www.aikido-ffab-ra.org\/","name":"CILAB","description":"","publisher":{"@id":"https:\/\/www.aikido-ffab-ra.org\/#organization"},"potentialAction":[{"@type":"SearchAction","target":{"@type":"EntryPoint","urlTemplate":"https:\/\/www.aikido-ffab-ra.org\/?s={search_term_string}"},"query-input":"required name=search_term_string"}],"inLanguage":"fr-FR"},{"@type":"Organization","@id":"https:\/\/www.aikido-ffab-ra.org\/#organization","name":"CILAB","url":"https:\/\/www.aikido-ffab-ra.org\/","sameAs":["https:\/\/www.instagram.com\/cilab.aikido\/","https:\/\/www.youtube.com\/channel\/UCt35Eapug9SYepppTidRLbA?app=desktop","https:\/\/www.facebook.com\/aikido.cilab.7"],"logo":{"@type":"ImageObject","inLanguage":"fr-FR","@id":"https:\/\/www.aikido-ffab-ra.org\/#\/schema\/logo\/image\/","url":"https:\/\/www.aikido-ffab-ra.org\/wp-content\/uploads\/2021\/03\/Logo-cilab.png","contentUrl":"https:\/\/www.aikido-ffab-ra.org\/wp-content\/uploads\/2021\/03\/Logo-cilab.png","width":99,"height":100,"caption":"CILAB"},"image":{"@id":"https:\/\/www.aikido-ffab-ra.org\/#\/schema\/logo\/image\/"}},{"@type":"Person","@id":"https:\/\/www.aikido-ffab-ra.org\/#\/schema\/person\/2e632fb129db4dc790a8f2ee37bfda73","name":"CILAB FFAB","image":{"@type":"ImageObject","inLanguage":"fr-FR","@id":"https:\/\/www.aikido-ffab-ra.org\/#\/schema\/person\/image\/","url":"https:\/\/secure.gravatar.com\/avatar\/4819e8da7a8cec51602dd58961a959bccd8ee02ef786afeae67e12aa2acf36e8?s=96&d=mm&r=g","contentUrl":"https:\/\/secure.gravatar.com\/avatar\/4819e8da7a8cec51602dd58961a959bccd8ee02ef786afeae67e12aa2acf36e8?s=96&d=mm&r=g","caption":"CILAB FFAB"}}]}},"_links":{"self":[{"href":"https:\/\/www.aikido-ffab-ra.org\/index.php?rest_route=\/wp\/v2\/posts\/4170","targetHints":{"allow":["GET"]}}],"collection":[{"href":"https:\/\/www.aikido-ffab-ra.org\/index.php?rest_route=\/wp\/v2\/posts"}],"about":[{"href":"https:\/\/www.aikido-ffab-ra.org\/index.php?rest_route=\/wp\/v2\/types\/post"}],"author":[{"embeddable":true,"href":"https:\/\/www.aikido-ffab-ra.org\/index.php?rest_route=\/wp\/v2\/users\/3"}],"replies":[{"embeddable":true,"href":"https:\/\/www.aikido-ffab-ra.org\/index.php?rest_route=%2Fwp%2Fv2%2Fcomments&post=4170"}],"version-history":[{"count":1,"href":"https:\/\/www.aikido-ffab-ra.org\/index.php?rest_route=\/wp\/v2\/posts\/4170\/revisions"}],"predecessor-version":[{"id":4173,"href":"https:\/\/www.aikido-ffab-ra.org\/index.php?rest_route=\/wp\/v2\/posts\/4170\/revisions\/4173"}],"wp:featuredmedia":[{"embeddable":true,"href":"https:\/\/www.aikido-ffab-ra.org\/index.php?rest_route=\/wp\/v2\/media\/4172"}],"wp:attachment":[{"href":"https:\/\/www.aikido-ffab-ra.org\/index.php?rest_route=%2Fwp%2Fv2%2Fmedia&parent=4170"}],"wp:term":[{"taxonomy":"category","embeddable":true,"href":"https:\/\/www.aikido-ffab-ra.org\/index.php?rest_route=%2Fwp%2Fv2%2Fcategories&post=4170"},{"taxonomy":"post_tag","embeddable":true,"href":"https:\/\/www.aikido-ffab-ra.org\/index.php?rest_route=%2Fwp%2Fv2%2Ftags&post=4170"}],"curies":[{"name":"wp","href":"https:\/\/api.w.org\/{rel}","templated":true}]}}