{"id":4181,"date":"2024-01-05T12:42:11","date_gmt":"2024-01-05T11:42:11","guid":{"rendered":"https:\/\/www.aikido-ffab-ra.org\/?p=4181"},"modified":"2024-02-08T18:48:18","modified_gmt":"2024-02-08T17:48:18","slug":"stage-progressions-grades-20-01-2024","status":"publish","type":"post","link":"https:\/\/www.aikido-ffab-ra.org\/?p=4181","title":{"rendered":"Stage Progression grad\u00e9s &#8211; 20\/01\/2024"},"content":{"rendered":"<p>Les stages Progressions grad\u00e9s du CILAB sont <strong>ouverts pour les\u00a0pratiquants titulaires du 2 DAN et plus<\/strong>,<\/p>\n<ul>\n<li><strong>Samedi 20 janvier 2024<\/strong><\/li>\n<li>De 15h00 \u00e0 17h30<\/li>\n<li><a href=\"https:\/\/www.aikido-club-beaujolais.net\/le-club\/infos-pratiques\/\">Aikido club du beaujolais<\/a> &#8211; <a href=\"https:\/\/www.google.com\/maps\/place\/Le+DOJO\/@46.0006937,4.7112331,17z\/data=!4m15!1m8!3m7!1s0x47f484e24f3e48b3:0x5eead911cf92685c!2s183+Rue+Auguiot,+69400+Villefranche-sur-Sa%C3%B4ne!3b1!8m2!3d45.9996103!4d4.7111031!16s%2Fg%2F11c2fdnd7b!3m5!1s0x47f4853c57af4cfd:0x936adbe71f45a9c7!8m2!3d46.0006937!4d4.7112331!16s%2Fg%2F11kk7dbvfg?entry=ttu\">Dojo Municipal 183 rue Auguiot \u00e0 Villefranche-sur-Sa\u00f4ne<\/a>.<\/li>\n<li>Anim\u00e9 par <a href=\"https:\/\/www.ffabaikido.fr\/fr\/membre_aikido.php?id_cen=113\">Xavier Boucher, CEN FFAB<\/a> (Charg\u00e9 d&rsquo;Enseignement National FFAB) &amp; Marion Dumoulin, ACT du CILAB (Animatrice et Coordinatrice Technique du CILAB).<\/li>\n<\/ul>\n<p><img loading=\"lazy\" decoding=\"async\" class=\"alignnone size-full wp-image-4182\" src=\"https:\/\/www.aikido-ffab-ra.org\/wp-content\/uploads\/stages\/stage-progressions-grades-20-01-2024\/2024-01-20-Progression-grades_Boucher-Dumoulin_Villefranche.jpeg\" alt=\"24-01-20-Stage AIKIDO Progression grade\u0301s\" width=\"694\" height=\"982\" srcset=\"https:\/\/www.aikido-ffab-ra.org\/wp-content\/uploads\/stages\/stage-progressions-grades-20-01-2024\/2024-01-20-Progression-grades_Boucher-Dumoulin_Villefranche.jpeg 694w, https:\/\/www.aikido-ffab-ra.org\/wp-content\/uploads\/stages\/stage-progressions-grades-20-01-2024\/2024-01-20-Progression-grades_Boucher-Dumoulin_Villefranche-450x637.jpeg 450w\" sizes=\"auto, (max-width: 694px) 100vw, 694px\" \/><\/p>\n","protected":false},"excerpt":{"rendered":"<p>Les stages Progressions grad\u00e9s du CILAB sont ouverts pour les\u00a0pratiquants titulaires du 2 DAN et plus, Samedi 20 janvier 2024 De 15h00 \u00e0 17h30 Aikido club du beaujolais &#8211; Dojo Municipal 183 rue Auguiot \u00e0 Villefranche-sur-Sa\u00f4ne. Anim\u00e9 par Xavier Boucher, CEN FFAB (Charg\u00e9 d&rsquo;Enseignement National FFAB) &amp; Marion Dumoulin, ACT du CILAB (Animatrice et Coordinatrice [&hellip;]<\/p>\n","protected":false},"author":3,"featured_media":4182,"comment_status":"open","ping_status":"open","sticky":false,"template":"","format":"standard","meta":{"footnotes":""},"categories":[37],"tags":[],"class_list":["post-4181","post","type-post","status-publish","format-standard","has-post-thumbnail","hentry","category-stages","entry","has-media"],"yoast_head":"<!-- This site is optimized with the Yoast SEO plugin v19.7.1 - https:\/\/yoast.com\/wordpress\/plugins\/seo\/ -->\n<title>Stage Progression grad\u00e9s - 20\/01\/2024 - CILAB<\/title>\n<meta name=\"description\" content=\"Les stages Progressions grad\u00e9s du CILAB sont ouverts pour les\u00a0pratiquants titulaires du 2 DAN et plus, Samedi 20 janvier 2024 De 15h00 \u00e0 17h30 Aikido club\" \/>\n<meta name=\"robots\" content=\"index, follow, max-snippet:-1, max-image-preview:large, max-video-preview:-1\" \/>\n<link rel=\"canonical\" href=\"https:\/\/www.aikido-ffab-ra.org\/?p=4181\" \/>\n<meta property=\"og:locale\" content=\"fr_FR\" \/>\n<meta property=\"og:type\" content=\"article\" \/>\n<meta property=\"og:title\" content=\"Stage Progression grad\u00e9s - 20\/01\/2024 - CILAB\" \/>\n<meta property=\"og:description\" content=\"Les stages Progressions grad\u00e9s du CILAB sont ouverts pour les\u00a0pratiquants titulaires du 2 DAN et plus, Samedi 20 janvier 2024 De 15h00 \u00e0 17h30 Aikido club\" \/>\n<meta property=\"og:url\" content=\"https:\/\/www.aikido-ffab-ra.org\/?p=4181\" \/>\n<meta property=\"og:site_name\" content=\"CILAB\" \/>\n<meta property=\"article:publisher\" content=\"https:\/\/www.facebook.com\/aikido.cilab.7\" \/>\n<meta property=\"article:published_time\" content=\"2024-01-05T11:42:11+00:00\" \/>\n<meta property=\"article:modified_time\" content=\"2024-02-08T17:48:18+00:00\" \/>\n<meta property=\"og:image\" content=\"https:\/\/www.aikido-ffab-ra.org\/wp-content\/uploads\/stages\/stage-progressions-grades-20-01-2024\/2024-01-20-Progression-grades_Boucher-Dumoulin_Villefranche.jpeg\" \/>\n\t<meta property=\"og:image:width\" content=\"694\" \/>\n\t<meta property=\"og:image:height\" content=\"982\" \/>\n\t<meta property=\"og:image:type\" content=\"image\/jpeg\" \/>\n<meta name=\"author\" content=\"CILAB FFAB\" \/>\n<meta name=\"twitter:card\" content=\"summary_large_image\" \/>\n<meta name=\"twitter:label1\" content=\"\u00c9crit par\" \/>\n\t<meta name=\"twitter:data1\" content=\"CILAB FFAB\" \/>\n\t<meta name=\"twitter:label2\" content=\"Dur\u00e9e de lecture estim\u00e9e\" \/>\n\t<meta name=\"twitter:data2\" content=\"1 minute\" \/>\n<script type=\"application\/ld+json\" class=\"yoast-schema-graph\">{\"@context\":\"https:\/\/schema.org\",\"@graph\":[{\"@type\":\"Article\",\"@id\":\"https:\/\/www.aikido-ffab-ra.org\/?p=4181#article\",\"isPartOf\":{\"@id\":\"https:\/\/www.aikido-ffab-ra.org\/?p=4181\"},\"author\":{\"name\":\"CILAB FFAB\",\"@id\":\"https:\/\/www.aikido-ffab-ra.org\/#\/schema\/person\/2e632fb129db4dc790a8f2ee37bfda73\"},\"headline\":\"Stage Progression grad\u00e9s &#8211; 20\/01\/2024\",\"datePublished\":\"2024-01-05T11:42:11+00:00\",\"dateModified\":\"2024-02-08T17:48:18+00:00\",\"mainEntityOfPage\":{\"@id\":\"https:\/\/www.aikido-ffab-ra.org\/?p=4181\"},\"wordCount\":60,\"commentCount\":0,\"publisher\":{\"@id\":\"https:\/\/www.aikido-ffab-ra.org\/#organization\"},\"articleSection\":[\"Stages\"],\"inLanguage\":\"fr-FR\",\"potentialAction\":[{\"@type\":\"CommentAction\",\"name\":\"Comment\",\"target\":[\"https:\/\/www.aikido-ffab-ra.org\/?p=4181#respond\"]}]},{\"@type\":\"WebPage\",\"@id\":\"https:\/\/www.aikido-ffab-ra.org\/?p=4181\",\"url\":\"https:\/\/www.aikido-ffab-ra.org\/?p=4181\",\"name\":\"Stage Progression grad\u00e9s - 20\/01\/2024 - CILAB\",\"isPartOf\":{\"@id\":\"https:\/\/www.aikido-ffab-ra.org\/#website\"},\"datePublished\":\"2024-01-05T11:42:11+00:00\",\"dateModified\":\"2024-02-08T17:48:18+00:00\",\"description\":\"Les stages Progressions grad\u00e9s du CILAB sont ouverts pour les\u00a0pratiquants titulaires du 2 DAN et plus, Samedi 20 janvier 2024 De 15h00 \u00e0 17h30 Aikido club\",\"breadcrumb\":{\"@id\":\"https:\/\/www.aikido-ffab-ra.org\/?p=4181#breadcrumb\"},\"inLanguage\":\"fr-FR\",\"potentialAction\":[{\"@type\":\"ReadAction\",\"target\":[\"https:\/\/www.aikido-ffab-ra.org\/?p=4181\"]}]},{\"@type\":\"BreadcrumbList\",\"@id\":\"https:\/\/www.aikido-ffab-ra.org\/?p=4181#breadcrumb\",\"itemListElement\":[{\"@type\":\"ListItem\",\"position\":1,\"name\":\"Accueil\",\"item\":\"https:\/\/www.aikido-ffab-ra.org\/\"},{\"@type\":\"ListItem\",\"position\":2,\"name\":\"Stages\",\"item\":\"https:\/\/www.aikido-ffab-ra.org\/?cat=37\"},{\"@type\":\"ListItem\",\"position\":3,\"name\":\"Stage Progression grad\u00e9s &#8211; 20\/01\/2024\"}]},{\"@type\":\"WebSite\",\"@id\":\"https:\/\/www.aikido-ffab-ra.org\/#website\",\"url\":\"https:\/\/www.aikido-ffab-ra.org\/\",\"name\":\"CILAB\",\"description\":\"\",\"publisher\":{\"@id\":\"https:\/\/www.aikido-ffab-ra.org\/#organization\"},\"potentialAction\":[{\"@type\":\"SearchAction\",\"target\":{\"@type\":\"EntryPoint\",\"urlTemplate\":\"https:\/\/www.aikido-ffab-ra.org\/?s={search_term_string}\"},\"query-input\":\"required name=search_term_string\"}],\"inLanguage\":\"fr-FR\"},{\"@type\":\"Organization\",\"@id\":\"https:\/\/www.aikido-ffab-ra.org\/#organization\",\"name\":\"CILAB\",\"url\":\"https:\/\/www.aikido-ffab-ra.org\/\",\"sameAs\":[\"https:\/\/www.instagram.com\/cilab.aikido\/\",\"https:\/\/www.youtube.com\/channel\/UCt35Eapug9SYepppTidRLbA?app=desktop\",\"https:\/\/www.facebook.com\/aikido.cilab.7\"],\"logo\":{\"@type\":\"ImageObject\",\"inLanguage\":\"fr-FR\",\"@id\":\"https:\/\/www.aikido-ffab-ra.org\/#\/schema\/logo\/image\/\",\"url\":\"https:\/\/www.aikido-ffab-ra.org\/wp-content\/uploads\/2021\/03\/Logo-cilab.png\",\"contentUrl\":\"https:\/\/www.aikido-ffab-ra.org\/wp-content\/uploads\/2021\/03\/Logo-cilab.png\",\"width\":99,\"height\":100,\"caption\":\"CILAB\"},\"image\":{\"@id\":\"https:\/\/www.aikido-ffab-ra.org\/#\/schema\/logo\/image\/\"}},{\"@type\":\"Person\",\"@id\":\"https:\/\/www.aikido-ffab-ra.org\/#\/schema\/person\/2e632fb129db4dc790a8f2ee37bfda73\",\"name\":\"CILAB FFAB\",\"image\":{\"@type\":\"ImageObject\",\"inLanguage\":\"fr-FR\",\"@id\":\"https:\/\/www.aikido-ffab-ra.org\/#\/schema\/person\/image\/\",\"url\":\"https:\/\/secure.gravatar.com\/avatar\/4819e8da7a8cec51602dd58961a959bccd8ee02ef786afeae67e12aa2acf36e8?s=96&d=mm&r=g\",\"contentUrl\":\"https:\/\/secure.gravatar.com\/avatar\/4819e8da7a8cec51602dd58961a959bccd8ee02ef786afeae67e12aa2acf36e8?s=96&d=mm&r=g\",\"caption\":\"CILAB FFAB\"}}]}<\/script>\n<!-- \/ Yoast SEO plugin. -->","yoast_head_json":{"title":"Stage Progression grad\u00e9s - 20\/01\/2024 - CILAB","description":"Les stages Progressions grad\u00e9s du CILAB sont ouverts pour les\u00a0pratiquants titulaires du 2 DAN et plus, Samedi 20 janvier 2024 De 15h00 \u00e0 17h30 Aikido club","robots":{"index":"index","follow":"follow","max-snippet":"max-snippet:-1","max-image-preview":"max-image-preview:large","max-video-preview":"max-video-preview:-1"},"canonical":"https:\/\/www.aikido-ffab-ra.org\/?p=4181","og_locale":"fr_FR","og_type":"article","og_title":"Stage Progression grad\u00e9s - 20\/01\/2024 - CILAB","og_description":"Les stages Progressions grad\u00e9s du CILAB sont ouverts pour les\u00a0pratiquants titulaires du 2 DAN et plus, Samedi 20 janvier 2024 De 15h00 \u00e0 17h30 Aikido club","og_url":"https:\/\/www.aikido-ffab-ra.org\/?p=4181","og_site_name":"CILAB","article_publisher":"https:\/\/www.facebook.com\/aikido.cilab.7","article_published_time":"2024-01-05T11:42:11+00:00","article_modified_time":"2024-02-08T17:48:18+00:00","og_image":[{"width":694,"height":982,"url":"https:\/\/www.aikido-ffab-ra.org\/wp-content\/uploads\/stages\/stage-progressions-grades-20-01-2024\/2024-01-20-Progression-grades_Boucher-Dumoulin_Villefranche.jpeg","type":"image\/jpeg"}],"author":"CILAB FFAB","twitter_card":"summary_large_image","twitter_misc":{"\u00c9crit par":"CILAB FFAB","Dur\u00e9e de lecture estim\u00e9e":"1 minute"},"schema":{"@context":"https:\/\/schema.org","@graph":[{"@type":"Article","@id":"https:\/\/www.aikido-ffab-ra.org\/?p=4181#article","isPartOf":{"@id":"https:\/\/www.aikido-ffab-ra.org\/?p=4181"},"author":{"name":"CILAB FFAB","@id":"https:\/\/www.aikido-ffab-ra.org\/#\/schema\/person\/2e632fb129db4dc790a8f2ee37bfda73"},"headline":"Stage Progression grad\u00e9s &#8211; 20\/01\/2024","datePublished":"2024-01-05T11:42:11+00:00","dateModified":"2024-02-08T17:48:18+00:00","mainEntityOfPage":{"@id":"https:\/\/www.aikido-ffab-ra.org\/?p=4181"},"wordCount":60,"commentCount":0,"publisher":{"@id":"https:\/\/www.aikido-ffab-ra.org\/#organization"},"articleSection":["Stages"],"inLanguage":"fr-FR","potentialAction":[{"@type":"CommentAction","name":"Comment","target":["https:\/\/www.aikido-ffab-ra.org\/?p=4181#respond"]}]},{"@type":"WebPage","@id":"https:\/\/www.aikido-ffab-ra.org\/?p=4181","url":"https:\/\/www.aikido-ffab-ra.org\/?p=4181","name":"Stage Progression grad\u00e9s - 20\/01\/2024 - CILAB","isPartOf":{"@id":"https:\/\/www.aikido-ffab-ra.org\/#website"},"datePublished":"2024-01-05T11:42:11+00:00","dateModified":"2024-02-08T17:48:18+00:00","description":"Les stages Progressions grad\u00e9s du CILAB sont ouverts pour les\u00a0pratiquants titulaires du 2 DAN et plus, Samedi 20 janvier 2024 De 15h00 \u00e0 17h30 Aikido club","breadcrumb":{"@id":"https:\/\/www.aikido-ffab-ra.org\/?p=4181#breadcrumb"},"inLanguage":"fr-FR","potentialAction":[{"@type":"ReadAction","target":["https:\/\/www.aikido-ffab-ra.org\/?p=4181"]}]},{"@type":"BreadcrumbList","@id":"https:\/\/www.aikido-ffab-ra.org\/?p=4181#breadcrumb","itemListElement":[{"@type":"ListItem","position":1,"name":"Accueil","item":"https:\/\/www.aikido-ffab-ra.org\/"},{"@type":"ListItem","position":2,"name":"Stages","item":"https:\/\/www.aikido-ffab-ra.org\/?cat=37"},{"@type":"ListItem","position":3,"name":"Stage Progression grad\u00e9s &#8211; 20\/01\/2024"}]},{"@type":"WebSite","@id":"https:\/\/www.aikido-ffab-ra.org\/#website","url":"https:\/\/www.aikido-ffab-ra.org\/","name":"CILAB","description":"","publisher":{"@id":"https:\/\/www.aikido-ffab-ra.org\/#organization"},"potentialAction":[{"@type":"SearchAction","target":{"@type":"EntryPoint","urlTemplate":"https:\/\/www.aikido-ffab-ra.org\/?s={search_term_string}"},"query-input":"required name=search_term_string"}],"inLanguage":"fr-FR"},{"@type":"Organization","@id":"https:\/\/www.aikido-ffab-ra.org\/#organization","name":"CILAB","url":"https:\/\/www.aikido-ffab-ra.org\/","sameAs":["https:\/\/www.instagram.com\/cilab.aikido\/","https:\/\/www.youtube.com\/channel\/UCt35Eapug9SYepppTidRLbA?app=desktop","https:\/\/www.facebook.com\/aikido.cilab.7"],"logo":{"@type":"ImageObject","inLanguage":"fr-FR","@id":"https:\/\/www.aikido-ffab-ra.org\/#\/schema\/logo\/image\/","url":"https:\/\/www.aikido-ffab-ra.org\/wp-content\/uploads\/2021\/03\/Logo-cilab.png","contentUrl":"https:\/\/www.aikido-ffab-ra.org\/wp-content\/uploads\/2021\/03\/Logo-cilab.png","width":99,"height":100,"caption":"CILAB"},"image":{"@id":"https:\/\/www.aikido-ffab-ra.org\/#\/schema\/logo\/image\/"}},{"@type":"Person","@id":"https:\/\/www.aikido-ffab-ra.org\/#\/schema\/person\/2e632fb129db4dc790a8f2ee37bfda73","name":"CILAB FFAB","image":{"@type":"ImageObject","inLanguage":"fr-FR","@id":"https:\/\/www.aikido-ffab-ra.org\/#\/schema\/person\/image\/","url":"https:\/\/secure.gravatar.com\/avatar\/4819e8da7a8cec51602dd58961a959bccd8ee02ef786afeae67e12aa2acf36e8?s=96&d=mm&r=g","contentUrl":"https:\/\/secure.gravatar.com\/avatar\/4819e8da7a8cec51602dd58961a959bccd8ee02ef786afeae67e12aa2acf36e8?s=96&d=mm&r=g","caption":"CILAB FFAB"}}]}},"_links":{"self":[{"href":"https:\/\/www.aikido-ffab-ra.org\/index.php?rest_route=\/wp\/v2\/posts\/4181","targetHints":{"allow":["GET"]}}],"collection":[{"href":"https:\/\/www.aikido-ffab-ra.org\/index.php?rest_route=\/wp\/v2\/posts"}],"about":[{"href":"https:\/\/www.aikido-ffab-ra.org\/index.php?rest_route=\/wp\/v2\/types\/post"}],"author":[{"embeddable":true,"href":"https:\/\/www.aikido-ffab-ra.org\/index.php?rest_route=\/wp\/v2\/users\/3"}],"replies":[{"embeddable":true,"href":"https:\/\/www.aikido-ffab-ra.org\/index.php?rest_route=%2Fwp%2Fv2%2Fcomments&post=4181"}],"version-history":[{"count":2,"href":"https:\/\/www.aikido-ffab-ra.org\/index.php?rest_route=\/wp\/v2\/posts\/4181\/revisions"}],"predecessor-version":[{"id":4184,"href":"https:\/\/www.aikido-ffab-ra.org\/index.php?rest_route=\/wp\/v2\/posts\/4181\/revisions\/4184"}],"wp:featuredmedia":[{"embeddable":true,"href":"https:\/\/www.aikido-ffab-ra.org\/index.php?rest_route=\/wp\/v2\/media\/4182"}],"wp:attachment":[{"href":"https:\/\/www.aikido-ffab-ra.org\/index.php?rest_route=%2Fwp%2Fv2%2Fmedia&parent=4181"}],"wp:term":[{"taxonomy":"category","embeddable":true,"href":"https:\/\/www.aikido-ffab-ra.org\/index.php?rest_route=%2Fwp%2Fv2%2Fcategories&post=4181"},{"taxonomy":"post_tag","embeddable":true,"href":"https:\/\/www.aikido-ffab-ra.org\/index.php?rest_route=%2Fwp%2Fv2%2Ftags&post=4181"}],"curies":[{"name":"wp","href":"https:\/\/api.w.org\/{rel}","templated":true}]}}