{"id":4194,"date":"2024-01-16T19:49:15","date_gmt":"2024-01-16T18:49:15","guid":{"rendered":"https:\/\/www.aikido-ffab-ra.org\/?p=4194"},"modified":"2024-04-21T21:48:08","modified_gmt":"2024-04-21T19:48:08","slug":"grand-stage-aikido-jeunes-du-cilab-23-et-24-03-2024","status":"publish","type":"post","link":"https:\/\/www.aikido-ffab-ra.org\/?p=4194","title":{"rendered":"Grand Stage A\u00efkido Jeunes du CILAB &#8211; 23 et 24\/03\/2024"},"content":{"rendered":"<p><strong>L\u2019incontournable stage de HAUTEVILLE d\u00e9m\u00e9nage \u00e0 MACON.<\/strong> Comme chaque saison, la commission jeunes du CILAB est \u00e0 la man\u0153uvre pour faire de ce rassemblement une r\u00e9ussite.<\/p>\n<p>Ce stage s\u2019adresse aux enfants, aux ados, aux enseignants et \u00e0 tout pratiquant int\u00e9ress\u00e9 par l\u2019enseignement aux jeunes.<\/p>\n<p>Gabriel F\u00c9M\u00c9NIAS &#8211; 6<sup>\u00e8me<\/sup>\u00a0Dan &amp; CEN FFAB animera le stage avec le soutien des professeurs de la r\u00e9gion.<\/p>\n<p><strong>Inscrivez-vous aupr\u00e8s de votre club, d\u00e8s \u00e0 pr\u00e9sent\u00a0<\/strong><strong>et jusqu\u2019au 16\/02\/2024\u00a0<\/strong><strong>(dernier d\u00e9lai)\u00a0<\/strong><strong>!<br \/>\n<em><span style=\"color: #ff0000;\">Attention : Les places sont limit\u00e9es &#8230;<\/span><\/em><\/strong><\/p>\n<p>En t\u00e9l\u00e9chargement, tous les documents n\u00e9cessaires (Informations et inscriptions)<\/p>\n<p><a href=\"https:\/\/www.aikido-ffab-ra.org\/wp-content\/uploads\/stages-jeunes\/grand-stage-aikido-jeunes-du-cilab-23-et-24-03-2024\/2024-03-23-24_GRAND-stage-jeunes-du-cilab_MACONdf.pdf\">Affiche_GRAND stage AIKIDO jeunes du cilab_MACON.pdf<\/a><\/p>\n<p><a href=\"https:\/\/www.aikido-ffab-ra.org\/wp-content\/uploads\/stages-jeunes\/grand-stage-aikido-jeunes-du-cilab-23-et-24-03-2024\/Grand-stage-jeunes-CILAB_fiche-renseignement-enseignants.pdf\">Grand stage AIKIDO jeunes CILAB_fiche renseignement enseignants.pdf<\/a><\/p>\n<p><a href=\"https:\/\/www.aikido-ffab-ra.org\/wp-content\/uploads\/stages-jeunes\/grand-stage-aikido-jeunes-du-cilab-23-et-24-03-2024\/2024-03-23-MACON-fiche-inscriptions-club.odt\">2024 03 23 AIKIDO MACON fiche inscriptions club.pdf<\/a><\/p>\n<p><a href=\"https:\/\/www.aikido-ffab-ra.org\/wp-content\/uploads\/stages-jeunes\/grand-stage-aikido-jeunes-du-cilab-23-et-24-03-2024\/Grand-stage-jeunes-CILAB_fiche-renseignement-Parents.pdf\">Grand stage AIKIDO jeunes CILAB_fiche renseignement Parents.pdf<\/a><\/p>\n<p><a href=\"https:\/\/www.aikido-ffab-ra.org\/wp-content\/uploads\/stages-jeunes\/grand-stage-aikido-jeunes-du-cilab-23-et-24-03-2024\/2024-03_-MACON_autorisation-parentale.pdf\">2024-03_ AIKIDO MACON_autorisation parentale.pdf<\/a><\/p>\n<p><img loading=\"lazy\" decoding=\"async\" class=\"alignnone size-full wp-image-4198\" src=\"https:\/\/www.aikido-ffab-ra.org\/wp-content\/uploads\/stages-jeunes\/grand-stage-aikido-jeunes-du-cilab-23-et-24-03-2024\/2024-03-23-24_GRAND-stage-jeunes-du-cilab_MACON.jpeg\" alt=\"\" width=\"694\" height=\"982\" srcset=\"https:\/\/www.aikido-ffab-ra.org\/wp-content\/uploads\/stages-jeunes\/grand-stage-aikido-jeunes-du-cilab-23-et-24-03-2024\/2024-03-23-24_GRAND-stage-jeunes-du-cilab_MACON.jpeg 694w, https:\/\/www.aikido-ffab-ra.org\/wp-content\/uploads\/stages-jeunes\/grand-stage-aikido-jeunes-du-cilab-23-et-24-03-2024\/2024-03-23-24_GRAND-stage-jeunes-du-cilab_MACON-450x637.jpeg 450w\" sizes=\"auto, (max-width: 694px) 100vw, 694px\" \/> <a href=\"https:\/\/www.aikido-ffab-ra.org\/wp-content\/uploads\/stages-jeunes\/grand-stage-aikido-jeunes-du-cilab-23-et-24-03-2024\/2024-03_-MACON_autorisation-parentale.pdf\">2024-<\/a><\/p>\n<p>&nbsp;<\/p>\n<p>&nbsp;<\/p>\n","protected":false},"excerpt":{"rendered":"<p>L\u2019incontournable stage de HAUTEVILLE d\u00e9m\u00e9nage \u00e0 MACON. Comme chaque saison, la commission jeunes du CILAB est \u00e0 la man\u0153uvre pour faire de ce rassemblement une r\u00e9ussite. Ce stage s\u2019adresse aux enfants, aux ados, aux enseignants et \u00e0 tout pratiquant int\u00e9ress\u00e9 par l\u2019enseignement aux jeunes. Gabriel F\u00c9M\u00c9NIAS &#8211; 6\u00e8me\u00a0Dan &amp; CEN FFAB animera le stage avec [&hellip;]<\/p>\n","protected":false},"author":3,"featured_media":4198,"comment_status":"open","ping_status":"open","sticky":false,"template":"","format":"standard","meta":{"footnotes":""},"categories":[39],"tags":[],"class_list":["post-4194","post","type-post","status-publish","format-standard","has-post-thumbnail","hentry","category-stages-jeunes","entry","has-media"],"yoast_head":"<!-- This site is optimized with the Yoast SEO plugin v19.7.1 - https:\/\/yoast.com\/wordpress\/plugins\/seo\/ -->\n<title>Grand Stage A\u00efkido Jeunes du CILAB - 23 et 24\/03\/2024 - CILAB<\/title>\n<meta name=\"description\" content=\"L\u2019incontournable stage de HAUTEVILLE d\u00e9m\u00e9nage \u00e0 MACON. Comme chaque saison, la commission jeunes du CILAB est \u00e0 la man\u0153uvre pour faire de ce rassemblement\" \/>\n<meta name=\"robots\" content=\"index, follow, max-snippet:-1, max-image-preview:large, max-video-preview:-1\" \/>\n<link rel=\"canonical\" href=\"https:\/\/www.aikido-ffab-ra.org\/?p=4194\" \/>\n<meta property=\"og:locale\" content=\"fr_FR\" \/>\n<meta property=\"og:type\" content=\"article\" \/>\n<meta property=\"og:title\" content=\"Grand Stage A\u00efkido Jeunes du CILAB - 23 et 24\/03\/2024 - CILAB\" \/>\n<meta property=\"og:description\" content=\"L\u2019incontournable stage de HAUTEVILLE d\u00e9m\u00e9nage \u00e0 MACON. Comme chaque saison, la commission jeunes du CILAB est \u00e0 la man\u0153uvre pour faire de ce rassemblement\" \/>\n<meta property=\"og:url\" content=\"https:\/\/www.aikido-ffab-ra.org\/?p=4194\" \/>\n<meta property=\"og:site_name\" content=\"CILAB\" \/>\n<meta property=\"article:publisher\" content=\"https:\/\/www.facebook.com\/aikido.cilab.7\" \/>\n<meta property=\"article:published_time\" content=\"2024-01-16T18:49:15+00:00\" \/>\n<meta property=\"article:modified_time\" content=\"2024-04-21T19:48:08+00:00\" \/>\n<meta property=\"og:image\" content=\"https:\/\/www.aikido-ffab-ra.org\/wp-content\/uploads\/stages-jeunes\/grand-stage-aikido-jeunes-du-cilab-23-et-24-03-2024\/2024-03-23-24_GRAND-stage-jeunes-du-cilab_MACON.jpeg\" \/>\n\t<meta property=\"og:image:width\" content=\"694\" \/>\n\t<meta property=\"og:image:height\" content=\"982\" \/>\n\t<meta property=\"og:image:type\" content=\"image\/jpeg\" \/>\n<meta name=\"author\" content=\"CILAB FFAB\" \/>\n<meta name=\"twitter:card\" content=\"summary_large_image\" \/>\n<meta name=\"twitter:label1\" content=\"\u00c9crit par\" \/>\n\t<meta name=\"twitter:data1\" content=\"CILAB FFAB\" \/>\n\t<meta name=\"twitter:label2\" content=\"Dur\u00e9e de lecture estim\u00e9e\" \/>\n\t<meta name=\"twitter:data2\" content=\"1 minute\" \/>\n<script type=\"application\/ld+json\" class=\"yoast-schema-graph\">{\"@context\":\"https:\/\/schema.org\",\"@graph\":[{\"@type\":\"Article\",\"@id\":\"https:\/\/www.aikido-ffab-ra.org\/?p=4194#article\",\"isPartOf\":{\"@id\":\"https:\/\/www.aikido-ffab-ra.org\/?p=4194\"},\"author\":{\"name\":\"CILAB FFAB\",\"@id\":\"https:\/\/www.aikido-ffab-ra.org\/#\/schema\/person\/2e632fb129db4dc790a8f2ee37bfda73\"},\"headline\":\"Grand Stage A\u00efkido Jeunes du CILAB &#8211; 23 et 24\/03\/2024\",\"datePublished\":\"2024-01-16T18:49:15+00:00\",\"dateModified\":\"2024-04-21T19:48:08+00:00\",\"mainEntityOfPage\":{\"@id\":\"https:\/\/www.aikido-ffab-ra.org\/?p=4194\"},\"wordCount\":156,\"commentCount\":0,\"publisher\":{\"@id\":\"https:\/\/www.aikido-ffab-ra.org\/#organization\"},\"articleSection\":[\"Stages jeunes\"],\"inLanguage\":\"fr-FR\",\"potentialAction\":[{\"@type\":\"CommentAction\",\"name\":\"Comment\",\"target\":[\"https:\/\/www.aikido-ffab-ra.org\/?p=4194#respond\"]}]},{\"@type\":\"WebPage\",\"@id\":\"https:\/\/www.aikido-ffab-ra.org\/?p=4194\",\"url\":\"https:\/\/www.aikido-ffab-ra.org\/?p=4194\",\"name\":\"Grand Stage A\u00efkido Jeunes du CILAB - 23 et 24\/03\/2024 - CILAB\",\"isPartOf\":{\"@id\":\"https:\/\/www.aikido-ffab-ra.org\/#website\"},\"datePublished\":\"2024-01-16T18:49:15+00:00\",\"dateModified\":\"2024-04-21T19:48:08+00:00\",\"description\":\"L\u2019incontournable stage de HAUTEVILLE d\u00e9m\u00e9nage \u00e0 MACON. Comme chaque saison, la commission jeunes du CILAB est \u00e0 la man\u0153uvre pour faire de ce rassemblement\",\"breadcrumb\":{\"@id\":\"https:\/\/www.aikido-ffab-ra.org\/?p=4194#breadcrumb\"},\"inLanguage\":\"fr-FR\",\"potentialAction\":[{\"@type\":\"ReadAction\",\"target\":[\"https:\/\/www.aikido-ffab-ra.org\/?p=4194\"]}]},{\"@type\":\"BreadcrumbList\",\"@id\":\"https:\/\/www.aikido-ffab-ra.org\/?p=4194#breadcrumb\",\"itemListElement\":[{\"@type\":\"ListItem\",\"position\":1,\"name\":\"Accueil\",\"item\":\"https:\/\/www.aikido-ffab-ra.org\/\"},{\"@type\":\"ListItem\",\"position\":2,\"name\":\"Stages jeunes\",\"item\":\"https:\/\/www.aikido-ffab-ra.org\/?cat=39\"},{\"@type\":\"ListItem\",\"position\":3,\"name\":\"Grand Stage A\u00efkido Jeunes du CILAB &#8211; 23 et 24\/03\/2024\"}]},{\"@type\":\"WebSite\",\"@id\":\"https:\/\/www.aikido-ffab-ra.org\/#website\",\"url\":\"https:\/\/www.aikido-ffab-ra.org\/\",\"name\":\"CILAB\",\"description\":\"\",\"publisher\":{\"@id\":\"https:\/\/www.aikido-ffab-ra.org\/#organization\"},\"potentialAction\":[{\"@type\":\"SearchAction\",\"target\":{\"@type\":\"EntryPoint\",\"urlTemplate\":\"https:\/\/www.aikido-ffab-ra.org\/?s={search_term_string}\"},\"query-input\":\"required name=search_term_string\"}],\"inLanguage\":\"fr-FR\"},{\"@type\":\"Organization\",\"@id\":\"https:\/\/www.aikido-ffab-ra.org\/#organization\",\"name\":\"CILAB\",\"url\":\"https:\/\/www.aikido-ffab-ra.org\/\",\"sameAs\":[\"https:\/\/www.instagram.com\/cilab.aikido\/\",\"https:\/\/www.youtube.com\/channel\/UCt35Eapug9SYepppTidRLbA?app=desktop\",\"https:\/\/www.facebook.com\/aikido.cilab.7\"],\"logo\":{\"@type\":\"ImageObject\",\"inLanguage\":\"fr-FR\",\"@id\":\"https:\/\/www.aikido-ffab-ra.org\/#\/schema\/logo\/image\/\",\"url\":\"https:\/\/www.aikido-ffab-ra.org\/wp-content\/uploads\/2021\/03\/Logo-cilab.png\",\"contentUrl\":\"https:\/\/www.aikido-ffab-ra.org\/wp-content\/uploads\/2021\/03\/Logo-cilab.png\",\"width\":99,\"height\":100,\"caption\":\"CILAB\"},\"image\":{\"@id\":\"https:\/\/www.aikido-ffab-ra.org\/#\/schema\/logo\/image\/\"}},{\"@type\":\"Person\",\"@id\":\"https:\/\/www.aikido-ffab-ra.org\/#\/schema\/person\/2e632fb129db4dc790a8f2ee37bfda73\",\"name\":\"CILAB FFAB\",\"image\":{\"@type\":\"ImageObject\",\"inLanguage\":\"fr-FR\",\"@id\":\"https:\/\/www.aikido-ffab-ra.org\/#\/schema\/person\/image\/\",\"url\":\"https:\/\/secure.gravatar.com\/avatar\/4819e8da7a8cec51602dd58961a959bccd8ee02ef786afeae67e12aa2acf36e8?s=96&d=mm&r=g\",\"contentUrl\":\"https:\/\/secure.gravatar.com\/avatar\/4819e8da7a8cec51602dd58961a959bccd8ee02ef786afeae67e12aa2acf36e8?s=96&d=mm&r=g\",\"caption\":\"CILAB FFAB\"}}]}<\/script>\n<!-- \/ Yoast SEO plugin. -->","yoast_head_json":{"title":"Grand Stage A\u00efkido Jeunes du CILAB - 23 et 24\/03\/2024 - CILAB","description":"L\u2019incontournable stage de HAUTEVILLE d\u00e9m\u00e9nage \u00e0 MACON. Comme chaque saison, la commission jeunes du CILAB est \u00e0 la man\u0153uvre pour faire de ce rassemblement","robots":{"index":"index","follow":"follow","max-snippet":"max-snippet:-1","max-image-preview":"max-image-preview:large","max-video-preview":"max-video-preview:-1"},"canonical":"https:\/\/www.aikido-ffab-ra.org\/?p=4194","og_locale":"fr_FR","og_type":"article","og_title":"Grand Stage A\u00efkido Jeunes du CILAB - 23 et 24\/03\/2024 - CILAB","og_description":"L\u2019incontournable stage de HAUTEVILLE d\u00e9m\u00e9nage \u00e0 MACON. Comme chaque saison, la commission jeunes du CILAB est \u00e0 la man\u0153uvre pour faire de ce rassemblement","og_url":"https:\/\/www.aikido-ffab-ra.org\/?p=4194","og_site_name":"CILAB","article_publisher":"https:\/\/www.facebook.com\/aikido.cilab.7","article_published_time":"2024-01-16T18:49:15+00:00","article_modified_time":"2024-04-21T19:48:08+00:00","og_image":[{"width":694,"height":982,"url":"https:\/\/www.aikido-ffab-ra.org\/wp-content\/uploads\/stages-jeunes\/grand-stage-aikido-jeunes-du-cilab-23-et-24-03-2024\/2024-03-23-24_GRAND-stage-jeunes-du-cilab_MACON.jpeg","type":"image\/jpeg"}],"author":"CILAB FFAB","twitter_card":"summary_large_image","twitter_misc":{"\u00c9crit par":"CILAB FFAB","Dur\u00e9e de lecture estim\u00e9e":"1 minute"},"schema":{"@context":"https:\/\/schema.org","@graph":[{"@type":"Article","@id":"https:\/\/www.aikido-ffab-ra.org\/?p=4194#article","isPartOf":{"@id":"https:\/\/www.aikido-ffab-ra.org\/?p=4194"},"author":{"name":"CILAB FFAB","@id":"https:\/\/www.aikido-ffab-ra.org\/#\/schema\/person\/2e632fb129db4dc790a8f2ee37bfda73"},"headline":"Grand Stage A\u00efkido Jeunes du CILAB &#8211; 23 et 24\/03\/2024","datePublished":"2024-01-16T18:49:15+00:00","dateModified":"2024-04-21T19:48:08+00:00","mainEntityOfPage":{"@id":"https:\/\/www.aikido-ffab-ra.org\/?p=4194"},"wordCount":156,"commentCount":0,"publisher":{"@id":"https:\/\/www.aikido-ffab-ra.org\/#organization"},"articleSection":["Stages jeunes"],"inLanguage":"fr-FR","potentialAction":[{"@type":"CommentAction","name":"Comment","target":["https:\/\/www.aikido-ffab-ra.org\/?p=4194#respond"]}]},{"@type":"WebPage","@id":"https:\/\/www.aikido-ffab-ra.org\/?p=4194","url":"https:\/\/www.aikido-ffab-ra.org\/?p=4194","name":"Grand Stage A\u00efkido Jeunes du CILAB - 23 et 24\/03\/2024 - CILAB","isPartOf":{"@id":"https:\/\/www.aikido-ffab-ra.org\/#website"},"datePublished":"2024-01-16T18:49:15+00:00","dateModified":"2024-04-21T19:48:08+00:00","description":"L\u2019incontournable stage de HAUTEVILLE d\u00e9m\u00e9nage \u00e0 MACON. Comme chaque saison, la commission jeunes du CILAB est \u00e0 la man\u0153uvre pour faire de ce rassemblement","breadcrumb":{"@id":"https:\/\/www.aikido-ffab-ra.org\/?p=4194#breadcrumb"},"inLanguage":"fr-FR","potentialAction":[{"@type":"ReadAction","target":["https:\/\/www.aikido-ffab-ra.org\/?p=4194"]}]},{"@type":"BreadcrumbList","@id":"https:\/\/www.aikido-ffab-ra.org\/?p=4194#breadcrumb","itemListElement":[{"@type":"ListItem","position":1,"name":"Accueil","item":"https:\/\/www.aikido-ffab-ra.org\/"},{"@type":"ListItem","position":2,"name":"Stages jeunes","item":"https:\/\/www.aikido-ffab-ra.org\/?cat=39"},{"@type":"ListItem","position":3,"name":"Grand Stage A\u00efkido Jeunes du CILAB &#8211; 23 et 24\/03\/2024"}]},{"@type":"WebSite","@id":"https:\/\/www.aikido-ffab-ra.org\/#website","url":"https:\/\/www.aikido-ffab-ra.org\/","name":"CILAB","description":"","publisher":{"@id":"https:\/\/www.aikido-ffab-ra.org\/#organization"},"potentialAction":[{"@type":"SearchAction","target":{"@type":"EntryPoint","urlTemplate":"https:\/\/www.aikido-ffab-ra.org\/?s={search_term_string}"},"query-input":"required name=search_term_string"}],"inLanguage":"fr-FR"},{"@type":"Organization","@id":"https:\/\/www.aikido-ffab-ra.org\/#organization","name":"CILAB","url":"https:\/\/www.aikido-ffab-ra.org\/","sameAs":["https:\/\/www.instagram.com\/cilab.aikido\/","https:\/\/www.youtube.com\/channel\/UCt35Eapug9SYepppTidRLbA?app=desktop","https:\/\/www.facebook.com\/aikido.cilab.7"],"logo":{"@type":"ImageObject","inLanguage":"fr-FR","@id":"https:\/\/www.aikido-ffab-ra.org\/#\/schema\/logo\/image\/","url":"https:\/\/www.aikido-ffab-ra.org\/wp-content\/uploads\/2021\/03\/Logo-cilab.png","contentUrl":"https:\/\/www.aikido-ffab-ra.org\/wp-content\/uploads\/2021\/03\/Logo-cilab.png","width":99,"height":100,"caption":"CILAB"},"image":{"@id":"https:\/\/www.aikido-ffab-ra.org\/#\/schema\/logo\/image\/"}},{"@type":"Person","@id":"https:\/\/www.aikido-ffab-ra.org\/#\/schema\/person\/2e632fb129db4dc790a8f2ee37bfda73","name":"CILAB FFAB","image":{"@type":"ImageObject","inLanguage":"fr-FR","@id":"https:\/\/www.aikido-ffab-ra.org\/#\/schema\/person\/image\/","url":"https:\/\/secure.gravatar.com\/avatar\/4819e8da7a8cec51602dd58961a959bccd8ee02ef786afeae67e12aa2acf36e8?s=96&d=mm&r=g","contentUrl":"https:\/\/secure.gravatar.com\/avatar\/4819e8da7a8cec51602dd58961a959bccd8ee02ef786afeae67e12aa2acf36e8?s=96&d=mm&r=g","caption":"CILAB FFAB"}}]}},"_links":{"self":[{"href":"https:\/\/www.aikido-ffab-ra.org\/index.php?rest_route=\/wp\/v2\/posts\/4194","targetHints":{"allow":["GET"]}}],"collection":[{"href":"https:\/\/www.aikido-ffab-ra.org\/index.php?rest_route=\/wp\/v2\/posts"}],"about":[{"href":"https:\/\/www.aikido-ffab-ra.org\/index.php?rest_route=\/wp\/v2\/types\/post"}],"author":[{"embeddable":true,"href":"https:\/\/www.aikido-ffab-ra.org\/index.php?rest_route=\/wp\/v2\/users\/3"}],"replies":[{"embeddable":true,"href":"https:\/\/www.aikido-ffab-ra.org\/index.php?rest_route=%2Fwp%2Fv2%2Fcomments&post=4194"}],"version-history":[{"count":4,"href":"https:\/\/www.aikido-ffab-ra.org\/index.php?rest_route=\/wp\/v2\/posts\/4194\/revisions"}],"predecessor-version":[{"id":4205,"href":"https:\/\/www.aikido-ffab-ra.org\/index.php?rest_route=\/wp\/v2\/posts\/4194\/revisions\/4205"}],"wp:featuredmedia":[{"embeddable":true,"href":"https:\/\/www.aikido-ffab-ra.org\/index.php?rest_route=\/wp\/v2\/media\/4198"}],"wp:attachment":[{"href":"https:\/\/www.aikido-ffab-ra.org\/index.php?rest_route=%2Fwp%2Fv2%2Fmedia&parent=4194"}],"wp:term":[{"taxonomy":"category","embeddable":true,"href":"https:\/\/www.aikido-ffab-ra.org\/index.php?rest_route=%2Fwp%2Fv2%2Fcategories&post=4194"},{"taxonomy":"post_tag","embeddable":true,"href":"https:\/\/www.aikido-ffab-ra.org\/index.php?rest_route=%2Fwp%2Fv2%2Ftags&post=4194"}],"curies":[{"name":"wp","href":"https:\/\/api.w.org\/{rel}","templated":true}]}}