{"id":4234,"date":"2024-03-16T13:22:29","date_gmt":"2024-03-16T12:22:29","guid":{"rendered":"https:\/\/www.aikido-ffab-ra.org\/?p=4234"},"modified":"2024-03-16T13:31:04","modified_gmt":"2024-03-16T12:31:04","slug":"stage-aikido-sempai-kohai-06-04-2024","status":"publish","type":"post","link":"https:\/\/www.aikido-ffab-ra.org\/?p=4234","title":{"rendered":"Stage A\u00efkido Sempa\u00ef\/Koha\u00ef &#8211; 06\/04\/2024"},"content":{"rendered":"<p>Les stages Sempa\u00ef\/Koha\u00ef du CILAB sont <strong>ouverts \u00e0 tous<\/strong>, avec le souhait que les confirm\u00e9s (les Sempa\u00ef) du Lyonnais accompagnent les d\u00e9butants (Les Koha\u00ef) de leurs clubs en stage, afin d&rsquo;inciter les d\u00e9butants \u00e0 sortir de leur dojo en \u00e9tant entour\u00e9s des anciens pratiquants &#8230;<\/p>\n<ul>\n<li><strong>Samedi 06 avril 2024<\/strong><\/li>\n<li>De 9h30 \u00e0 12h00 et de 15h00 \u00e0 17h30<\/li>\n<li><a href=\"https:\/\/plc-craponne.fr\/11-sections\/aikido\">A\u00efkido PLC Craponne<\/a>, Complexe Olympie 62 rue joseph Moulin 69290 Craponne<\/li>\n<li>Anim\u00e9 par <a href=\"https:\/\/www.ffabaikido.fr\/fr\/membre_aikido.php?id_cen=113\">Xavier Boucher (CEN FFAB)<\/a> &amp; Francis Quinchon<\/li>\n<\/ul>\n<p><img loading=\"lazy\" decoding=\"async\" class=\"alignnone size-full wp-image-4235\" src=\"https:\/\/www.aikido-ffab-ra.org\/wp-content\/uploads\/stages\/stage-aikido-sempai-kohai-06-04-2024\/2024-04-06-AIKIDO-Sempai-Kohai_Boucher-Quinchon_craponne.jpeg\" alt=\"2024-04-06-AIKIDO Sempai Kohai_Boucher Quinchon_craponne\" width=\"694\" height=\"982\" srcset=\"https:\/\/www.aikido-ffab-ra.org\/wp-content\/uploads\/stages\/stage-aikido-sempai-kohai-06-04-2024\/2024-04-06-AIKIDO-Sempai-Kohai_Boucher-Quinchon_craponne.jpeg 694w, https:\/\/www.aikido-ffab-ra.org\/wp-content\/uploads\/stages\/stage-aikido-sempai-kohai-06-04-2024\/2024-04-06-AIKIDO-Sempai-Kohai_Boucher-Quinchon_craponne-450x637.jpeg 450w\" sizes=\"auto, (max-width: 694px) 100vw, 694px\" \/><\/p>\n","protected":false},"excerpt":{"rendered":"<p>Les stages Sempa\u00ef\/Koha\u00ef du CILAB sont ouverts \u00e0 tous, avec le souhait que les confirm\u00e9s (les Sempa\u00ef) du Lyonnais accompagnent les d\u00e9butants (Les Koha\u00ef) de leurs clubs en stage, afin d&rsquo;inciter les d\u00e9butants \u00e0 sortir de leur dojo en \u00e9tant entour\u00e9s des anciens pratiquants &#8230; Samedi 06 avril 2024 De 9h30 \u00e0 12h00 et de [&hellip;]<\/p>\n","protected":false},"author":3,"featured_media":4235,"comment_status":"open","ping_status":"open","sticky":false,"template":"","format":"standard","meta":{"footnotes":""},"categories":[37],"tags":[],"class_list":["post-4234","post","type-post","status-publish","format-standard","has-post-thumbnail","hentry","category-stages","entry","has-media"],"yoast_head":"<!-- This site is optimized with the Yoast SEO plugin v19.7.1 - https:\/\/yoast.com\/wordpress\/plugins\/seo\/ -->\n<title>Stage A\u00efkido Sempa\u00ef\/Koha\u00ef - 06\/04\/2024 - CILAB<\/title>\n<meta name=\"description\" content=\"Les stages Sempa\u00ef\/Koha\u00ef du CILAB sont ouverts \u00e0 tous, avec le souhait que les confirm\u00e9s (les Sempa\u00ef) du Lyonnais accompagnent les d\u00e9butants (Les Koha\u00ef) de\" \/>\n<meta name=\"robots\" content=\"index, follow, max-snippet:-1, max-image-preview:large, max-video-preview:-1\" \/>\n<link rel=\"canonical\" href=\"https:\/\/www.aikido-ffab-ra.org\/?p=4234\" \/>\n<meta property=\"og:locale\" content=\"fr_FR\" \/>\n<meta property=\"og:type\" content=\"article\" \/>\n<meta property=\"og:title\" content=\"Stage A\u00efkido Sempa\u00ef\/Koha\u00ef - 06\/04\/2024 - CILAB\" \/>\n<meta property=\"og:description\" content=\"Les stages Sempa\u00ef\/Koha\u00ef du CILAB sont ouverts \u00e0 tous, avec le souhait que les confirm\u00e9s (les Sempa\u00ef) du Lyonnais accompagnent les d\u00e9butants (Les Koha\u00ef) de\" \/>\n<meta property=\"og:url\" content=\"https:\/\/www.aikido-ffab-ra.org\/?p=4234\" \/>\n<meta property=\"og:site_name\" content=\"CILAB\" \/>\n<meta property=\"article:publisher\" content=\"https:\/\/www.facebook.com\/aikido.cilab.7\" \/>\n<meta property=\"article:published_time\" content=\"2024-03-16T12:22:29+00:00\" \/>\n<meta property=\"article:modified_time\" content=\"2024-03-16T12:31:04+00:00\" \/>\n<meta property=\"og:image\" content=\"https:\/\/www.aikido-ffab-ra.org\/wp-content\/uploads\/stages\/stage-aikido-sempai-kohai-06-04-2024\/2024-04-06-AIKIDO-Sempai-Kohai_Boucher-Quinchon_craponne.jpeg\" \/>\n\t<meta property=\"og:image:width\" content=\"694\" \/>\n\t<meta property=\"og:image:height\" content=\"982\" \/>\n\t<meta property=\"og:image:type\" content=\"image\/jpeg\" \/>\n<meta name=\"author\" content=\"CILAB FFAB\" \/>\n<meta name=\"twitter:card\" content=\"summary_large_image\" \/>\n<meta name=\"twitter:label1\" content=\"\u00c9crit par\" \/>\n\t<meta name=\"twitter:data1\" content=\"CILAB FFAB\" \/>\n\t<meta name=\"twitter:label2\" content=\"Dur\u00e9e de lecture estim\u00e9e\" \/>\n\t<meta name=\"twitter:data2\" content=\"1 minute\" \/>\n<script type=\"application\/ld+json\" class=\"yoast-schema-graph\">{\"@context\":\"https:\/\/schema.org\",\"@graph\":[{\"@type\":\"Article\",\"@id\":\"https:\/\/www.aikido-ffab-ra.org\/?p=4234#article\",\"isPartOf\":{\"@id\":\"https:\/\/www.aikido-ffab-ra.org\/?p=4234\"},\"author\":{\"name\":\"CILAB FFAB\",\"@id\":\"https:\/\/www.aikido-ffab-ra.org\/#\/schema\/person\/2e632fb129db4dc790a8f2ee37bfda73\"},\"headline\":\"Stage A\u00efkido Sempa\u00ef\/Koha\u00ef &#8211; 06\/04\/2024\",\"datePublished\":\"2024-03-16T12:22:29+00:00\",\"dateModified\":\"2024-03-16T12:31:04+00:00\",\"mainEntityOfPage\":{\"@id\":\"https:\/\/www.aikido-ffab-ra.org\/?p=4234\"},\"wordCount\":81,\"commentCount\":0,\"publisher\":{\"@id\":\"https:\/\/www.aikido-ffab-ra.org\/#organization\"},\"articleSection\":[\"Stages\"],\"inLanguage\":\"fr-FR\",\"potentialAction\":[{\"@type\":\"CommentAction\",\"name\":\"Comment\",\"target\":[\"https:\/\/www.aikido-ffab-ra.org\/?p=4234#respond\"]}]},{\"@type\":\"WebPage\",\"@id\":\"https:\/\/www.aikido-ffab-ra.org\/?p=4234\",\"url\":\"https:\/\/www.aikido-ffab-ra.org\/?p=4234\",\"name\":\"Stage A\u00efkido Sempa\u00ef\/Koha\u00ef - 06\/04\/2024 - CILAB\",\"isPartOf\":{\"@id\":\"https:\/\/www.aikido-ffab-ra.org\/#website\"},\"datePublished\":\"2024-03-16T12:22:29+00:00\",\"dateModified\":\"2024-03-16T12:31:04+00:00\",\"description\":\"Les stages Sempa\u00ef\/Koha\u00ef du CILAB sont ouverts \u00e0 tous, avec le souhait que les confirm\u00e9s (les Sempa\u00ef) du Lyonnais accompagnent les d\u00e9butants (Les Koha\u00ef) de\",\"breadcrumb\":{\"@id\":\"https:\/\/www.aikido-ffab-ra.org\/?p=4234#breadcrumb\"},\"inLanguage\":\"fr-FR\",\"potentialAction\":[{\"@type\":\"ReadAction\",\"target\":[\"https:\/\/www.aikido-ffab-ra.org\/?p=4234\"]}]},{\"@type\":\"BreadcrumbList\",\"@id\":\"https:\/\/www.aikido-ffab-ra.org\/?p=4234#breadcrumb\",\"itemListElement\":[{\"@type\":\"ListItem\",\"position\":1,\"name\":\"Accueil\",\"item\":\"https:\/\/www.aikido-ffab-ra.org\/\"},{\"@type\":\"ListItem\",\"position\":2,\"name\":\"Stages\",\"item\":\"https:\/\/www.aikido-ffab-ra.org\/?cat=37\"},{\"@type\":\"ListItem\",\"position\":3,\"name\":\"Stage A\u00efkido Sempa\u00ef\/Koha\u00ef &#8211; 06\/04\/2024\"}]},{\"@type\":\"WebSite\",\"@id\":\"https:\/\/www.aikido-ffab-ra.org\/#website\",\"url\":\"https:\/\/www.aikido-ffab-ra.org\/\",\"name\":\"CILAB\",\"description\":\"\",\"publisher\":{\"@id\":\"https:\/\/www.aikido-ffab-ra.org\/#organization\"},\"potentialAction\":[{\"@type\":\"SearchAction\",\"target\":{\"@type\":\"EntryPoint\",\"urlTemplate\":\"https:\/\/www.aikido-ffab-ra.org\/?s={search_term_string}\"},\"query-input\":\"required name=search_term_string\"}],\"inLanguage\":\"fr-FR\"},{\"@type\":\"Organization\",\"@id\":\"https:\/\/www.aikido-ffab-ra.org\/#organization\",\"name\":\"CILAB\",\"url\":\"https:\/\/www.aikido-ffab-ra.org\/\",\"sameAs\":[\"https:\/\/www.instagram.com\/cilab.aikido\/\",\"https:\/\/www.youtube.com\/channel\/UCt35Eapug9SYepppTidRLbA?app=desktop\",\"https:\/\/www.facebook.com\/aikido.cilab.7\"],\"logo\":{\"@type\":\"ImageObject\",\"inLanguage\":\"fr-FR\",\"@id\":\"https:\/\/www.aikido-ffab-ra.org\/#\/schema\/logo\/image\/\",\"url\":\"https:\/\/www.aikido-ffab-ra.org\/wp-content\/uploads\/2021\/03\/Logo-cilab.png\",\"contentUrl\":\"https:\/\/www.aikido-ffab-ra.org\/wp-content\/uploads\/2021\/03\/Logo-cilab.png\",\"width\":99,\"height\":100,\"caption\":\"CILAB\"},\"image\":{\"@id\":\"https:\/\/www.aikido-ffab-ra.org\/#\/schema\/logo\/image\/\"}},{\"@type\":\"Person\",\"@id\":\"https:\/\/www.aikido-ffab-ra.org\/#\/schema\/person\/2e632fb129db4dc790a8f2ee37bfda73\",\"name\":\"CILAB FFAB\",\"image\":{\"@type\":\"ImageObject\",\"inLanguage\":\"fr-FR\",\"@id\":\"https:\/\/www.aikido-ffab-ra.org\/#\/schema\/person\/image\/\",\"url\":\"https:\/\/secure.gravatar.com\/avatar\/4819e8da7a8cec51602dd58961a959bccd8ee02ef786afeae67e12aa2acf36e8?s=96&d=mm&r=g\",\"contentUrl\":\"https:\/\/secure.gravatar.com\/avatar\/4819e8da7a8cec51602dd58961a959bccd8ee02ef786afeae67e12aa2acf36e8?s=96&d=mm&r=g\",\"caption\":\"CILAB FFAB\"}}]}<\/script>\n<!-- \/ Yoast SEO plugin. -->","yoast_head_json":{"title":"Stage A\u00efkido Sempa\u00ef\/Koha\u00ef - 06\/04\/2024 - CILAB","description":"Les stages Sempa\u00ef\/Koha\u00ef du CILAB sont ouverts \u00e0 tous, avec le souhait que les confirm\u00e9s (les Sempa\u00ef) du Lyonnais accompagnent les d\u00e9butants (Les Koha\u00ef) de","robots":{"index":"index","follow":"follow","max-snippet":"max-snippet:-1","max-image-preview":"max-image-preview:large","max-video-preview":"max-video-preview:-1"},"canonical":"https:\/\/www.aikido-ffab-ra.org\/?p=4234","og_locale":"fr_FR","og_type":"article","og_title":"Stage A\u00efkido Sempa\u00ef\/Koha\u00ef - 06\/04\/2024 - CILAB","og_description":"Les stages Sempa\u00ef\/Koha\u00ef du CILAB sont ouverts \u00e0 tous, avec le souhait que les confirm\u00e9s (les Sempa\u00ef) du Lyonnais accompagnent les d\u00e9butants (Les Koha\u00ef) de","og_url":"https:\/\/www.aikido-ffab-ra.org\/?p=4234","og_site_name":"CILAB","article_publisher":"https:\/\/www.facebook.com\/aikido.cilab.7","article_published_time":"2024-03-16T12:22:29+00:00","article_modified_time":"2024-03-16T12:31:04+00:00","og_image":[{"width":694,"height":982,"url":"https:\/\/www.aikido-ffab-ra.org\/wp-content\/uploads\/stages\/stage-aikido-sempai-kohai-06-04-2024\/2024-04-06-AIKIDO-Sempai-Kohai_Boucher-Quinchon_craponne.jpeg","type":"image\/jpeg"}],"author":"CILAB FFAB","twitter_card":"summary_large_image","twitter_misc":{"\u00c9crit par":"CILAB FFAB","Dur\u00e9e de lecture estim\u00e9e":"1 minute"},"schema":{"@context":"https:\/\/schema.org","@graph":[{"@type":"Article","@id":"https:\/\/www.aikido-ffab-ra.org\/?p=4234#article","isPartOf":{"@id":"https:\/\/www.aikido-ffab-ra.org\/?p=4234"},"author":{"name":"CILAB FFAB","@id":"https:\/\/www.aikido-ffab-ra.org\/#\/schema\/person\/2e632fb129db4dc790a8f2ee37bfda73"},"headline":"Stage A\u00efkido Sempa\u00ef\/Koha\u00ef &#8211; 06\/04\/2024","datePublished":"2024-03-16T12:22:29+00:00","dateModified":"2024-03-16T12:31:04+00:00","mainEntityOfPage":{"@id":"https:\/\/www.aikido-ffab-ra.org\/?p=4234"},"wordCount":81,"commentCount":0,"publisher":{"@id":"https:\/\/www.aikido-ffab-ra.org\/#organization"},"articleSection":["Stages"],"inLanguage":"fr-FR","potentialAction":[{"@type":"CommentAction","name":"Comment","target":["https:\/\/www.aikido-ffab-ra.org\/?p=4234#respond"]}]},{"@type":"WebPage","@id":"https:\/\/www.aikido-ffab-ra.org\/?p=4234","url":"https:\/\/www.aikido-ffab-ra.org\/?p=4234","name":"Stage A\u00efkido Sempa\u00ef\/Koha\u00ef - 06\/04\/2024 - CILAB","isPartOf":{"@id":"https:\/\/www.aikido-ffab-ra.org\/#website"},"datePublished":"2024-03-16T12:22:29+00:00","dateModified":"2024-03-16T12:31:04+00:00","description":"Les stages Sempa\u00ef\/Koha\u00ef du CILAB sont ouverts \u00e0 tous, avec le souhait que les confirm\u00e9s (les Sempa\u00ef) du Lyonnais accompagnent les d\u00e9butants (Les Koha\u00ef) de","breadcrumb":{"@id":"https:\/\/www.aikido-ffab-ra.org\/?p=4234#breadcrumb"},"inLanguage":"fr-FR","potentialAction":[{"@type":"ReadAction","target":["https:\/\/www.aikido-ffab-ra.org\/?p=4234"]}]},{"@type":"BreadcrumbList","@id":"https:\/\/www.aikido-ffab-ra.org\/?p=4234#breadcrumb","itemListElement":[{"@type":"ListItem","position":1,"name":"Accueil","item":"https:\/\/www.aikido-ffab-ra.org\/"},{"@type":"ListItem","position":2,"name":"Stages","item":"https:\/\/www.aikido-ffab-ra.org\/?cat=37"},{"@type":"ListItem","position":3,"name":"Stage A\u00efkido Sempa\u00ef\/Koha\u00ef &#8211; 06\/04\/2024"}]},{"@type":"WebSite","@id":"https:\/\/www.aikido-ffab-ra.org\/#website","url":"https:\/\/www.aikido-ffab-ra.org\/","name":"CILAB","description":"","publisher":{"@id":"https:\/\/www.aikido-ffab-ra.org\/#organization"},"potentialAction":[{"@type":"SearchAction","target":{"@type":"EntryPoint","urlTemplate":"https:\/\/www.aikido-ffab-ra.org\/?s={search_term_string}"},"query-input":"required name=search_term_string"}],"inLanguage":"fr-FR"},{"@type":"Organization","@id":"https:\/\/www.aikido-ffab-ra.org\/#organization","name":"CILAB","url":"https:\/\/www.aikido-ffab-ra.org\/","sameAs":["https:\/\/www.instagram.com\/cilab.aikido\/","https:\/\/www.youtube.com\/channel\/UCt35Eapug9SYepppTidRLbA?app=desktop","https:\/\/www.facebook.com\/aikido.cilab.7"],"logo":{"@type":"ImageObject","inLanguage":"fr-FR","@id":"https:\/\/www.aikido-ffab-ra.org\/#\/schema\/logo\/image\/","url":"https:\/\/www.aikido-ffab-ra.org\/wp-content\/uploads\/2021\/03\/Logo-cilab.png","contentUrl":"https:\/\/www.aikido-ffab-ra.org\/wp-content\/uploads\/2021\/03\/Logo-cilab.png","width":99,"height":100,"caption":"CILAB"},"image":{"@id":"https:\/\/www.aikido-ffab-ra.org\/#\/schema\/logo\/image\/"}},{"@type":"Person","@id":"https:\/\/www.aikido-ffab-ra.org\/#\/schema\/person\/2e632fb129db4dc790a8f2ee37bfda73","name":"CILAB FFAB","image":{"@type":"ImageObject","inLanguage":"fr-FR","@id":"https:\/\/www.aikido-ffab-ra.org\/#\/schema\/person\/image\/","url":"https:\/\/secure.gravatar.com\/avatar\/4819e8da7a8cec51602dd58961a959bccd8ee02ef786afeae67e12aa2acf36e8?s=96&d=mm&r=g","contentUrl":"https:\/\/secure.gravatar.com\/avatar\/4819e8da7a8cec51602dd58961a959bccd8ee02ef786afeae67e12aa2acf36e8?s=96&d=mm&r=g","caption":"CILAB FFAB"}}]}},"_links":{"self":[{"href":"https:\/\/www.aikido-ffab-ra.org\/index.php?rest_route=\/wp\/v2\/posts\/4234","targetHints":{"allow":["GET"]}}],"collection":[{"href":"https:\/\/www.aikido-ffab-ra.org\/index.php?rest_route=\/wp\/v2\/posts"}],"about":[{"href":"https:\/\/www.aikido-ffab-ra.org\/index.php?rest_route=\/wp\/v2\/types\/post"}],"author":[{"embeddable":true,"href":"https:\/\/www.aikido-ffab-ra.org\/index.php?rest_route=\/wp\/v2\/users\/3"}],"replies":[{"embeddable":true,"href":"https:\/\/www.aikido-ffab-ra.org\/index.php?rest_route=%2Fwp%2Fv2%2Fcomments&post=4234"}],"version-history":[{"count":1,"href":"https:\/\/www.aikido-ffab-ra.org\/index.php?rest_route=\/wp\/v2\/posts\/4234\/revisions"}],"predecessor-version":[{"id":4236,"href":"https:\/\/www.aikido-ffab-ra.org\/index.php?rest_route=\/wp\/v2\/posts\/4234\/revisions\/4236"}],"wp:featuredmedia":[{"embeddable":true,"href":"https:\/\/www.aikido-ffab-ra.org\/index.php?rest_route=\/wp\/v2\/media\/4235"}],"wp:attachment":[{"href":"https:\/\/www.aikido-ffab-ra.org\/index.php?rest_route=%2Fwp%2Fv2%2Fmedia&parent=4234"}],"wp:term":[{"taxonomy":"category","embeddable":true,"href":"https:\/\/www.aikido-ffab-ra.org\/index.php?rest_route=%2Fwp%2Fv2%2Fcategories&post=4234"},{"taxonomy":"post_tag","embeddable":true,"href":"https:\/\/www.aikido-ffab-ra.org\/index.php?rest_route=%2Fwp%2Fv2%2Ftags&post=4234"}],"curies":[{"name":"wp","href":"https:\/\/api.w.org\/{rel}","templated":true}]}}