{"id":4246,"date":"2024-04-21T21:58:28","date_gmt":"2024-04-21T19:58:28","guid":{"rendered":"https:\/\/www.aikido-ffab-ra.org\/?p=4246"},"modified":"2024-07-30T21:19:41","modified_gmt":"2024-07-30T19:19:41","slug":"stage-aikido-tous-niveaux-04-05-2024","status":"publish","type":"post","link":"https:\/\/www.aikido-ffab-ra.org\/?p=4246","title":{"rendered":"Stage A\u00efkido Tous niveaux &#8211; 04\/05\/2024"},"content":{"rendered":"<p>Le CILAB organise un stage Tous niveaux, <strong>ouverts \u00e0 tous<\/strong>, anim\u00e9 par deux enseignants de la commission technique du CILAB<\/p>\n<ul>\n<li><strong>Samedi 04 mai 2024<\/strong><\/li>\n<li>De 9h30 \u00e0 12h00 et de 15h00 \u00e0 17h30<\/li>\n<li><a href=\"https:\/\/www.aikido-ffab-ra.org\/Club\/aikido-chatillonnais\/\">A\u00efkido Chatillonais &#8211; Gymnase de l&rsquo;Europe, 412 Av. Fran\u00e7ois Mitterrand &#8211; 01400 Ch\u00e2tillon-sur-chalaronne.<\/a><\/li>\n<li>Anim\u00e9 par Nicolas Seguin &amp; John Wycliff Nshimiyimana<\/li>\n<\/ul>\n<p><img loading=\"lazy\" decoding=\"async\" class=\"alignnone size-full wp-image-4254\" src=\"https:\/\/www.aikido-ffab-ra.org\/wp-content\/uploads\/stages\/stage-aikido-tous-niveaux-04-05-2024\/2024-05-04-Stage-AIKIDO-tous-niveaux-Chatillon-Seguin-Wycliff-Nshimiyimana.jpeg\" alt=\"2024-05-04-Stage AIKIDO tous niveaux-Chatillon-Seguin-Wycliff Nshimiyimana\" width=\"694\" height=\"982\" srcset=\"https:\/\/www.aikido-ffab-ra.org\/wp-content\/uploads\/stages\/stage-aikido-tous-niveaux-04-05-2024\/2024-05-04-Stage-AIKIDO-tous-niveaux-Chatillon-Seguin-Wycliff-Nshimiyimana.jpeg 694w, https:\/\/www.aikido-ffab-ra.org\/wp-content\/uploads\/stages\/stage-aikido-tous-niveaux-04-05-2024\/2024-05-04-Stage-AIKIDO-tous-niveaux-Chatillon-Seguin-Wycliff-Nshimiyimana-450x637.jpeg 450w\" sizes=\"auto, (max-width: 694px) 100vw, 694px\" \/><\/p>\n","protected":false},"excerpt":{"rendered":"<p>Le CILAB organise un stage Tous niveaux, ouverts \u00e0 tous, anim\u00e9 par deux enseignants de la commission technique du CILAB Samedi 04 mai 2024 De 9h30 \u00e0 12h00 et de 15h00 \u00e0 17h30 A\u00efkido Chatillonais &#8211; Gymnase de l&rsquo;Europe, 412 Av. Fran\u00e7ois Mitterrand &#8211; 01400 Ch\u00e2tillon-sur-chalaronne. Anim\u00e9 par Nicolas Seguin &amp; John Wycliff Nshimiyimana<\/p>\n","protected":false},"author":3,"featured_media":4254,"comment_status":"open","ping_status":"open","sticky":false,"template":"","format":"standard","meta":{"footnotes":""},"categories":[37],"tags":[],"class_list":["post-4246","post","type-post","status-publish","format-standard","has-post-thumbnail","hentry","category-stages","entry","has-media"],"yoast_head":"<!-- This site is optimized with the Yoast SEO plugin v19.7.1 - https:\/\/yoast.com\/wordpress\/plugins\/seo\/ -->\n<title>Stage A\u00efkido Tous niveaux - 04\/05\/2024 - CILAB<\/title>\n<meta name=\"description\" content=\"Le CILAB organise un stage Tous niveaux, ouverts \u00e0 tous, anim\u00e9 par deux enseignants de la commission technique du CILAB Samedi 04 mai 2024 De 9h30 \u00e0 12h00\" \/>\n<meta name=\"robots\" content=\"index, follow, max-snippet:-1, max-image-preview:large, max-video-preview:-1\" \/>\n<link rel=\"canonical\" href=\"https:\/\/www.aikido-ffab-ra.org\/?p=4246\" \/>\n<meta property=\"og:locale\" content=\"fr_FR\" \/>\n<meta property=\"og:type\" content=\"article\" \/>\n<meta property=\"og:title\" content=\"Stage A\u00efkido Tous niveaux - 04\/05\/2024 - CILAB\" \/>\n<meta property=\"og:description\" content=\"Le CILAB organise un stage Tous niveaux, ouverts \u00e0 tous, anim\u00e9 par deux enseignants de la commission technique du CILAB Samedi 04 mai 2024 De 9h30 \u00e0 12h00\" \/>\n<meta property=\"og:url\" content=\"https:\/\/www.aikido-ffab-ra.org\/?p=4246\" \/>\n<meta property=\"og:site_name\" content=\"CILAB\" \/>\n<meta property=\"article:publisher\" content=\"https:\/\/www.facebook.com\/aikido.cilab.7\" \/>\n<meta property=\"article:published_time\" content=\"2024-04-21T19:58:28+00:00\" \/>\n<meta property=\"article:modified_time\" content=\"2024-07-30T19:19:41+00:00\" \/>\n<meta property=\"og:image\" content=\"https:\/\/www.aikido-ffab-ra.org\/wp-content\/uploads\/stages\/stage-aikido-tous-niveaux-04-05-2024\/2024-05-04-Stage-AIKIDO-tous-niveaux-Chatillon-Seguin-Wycliff-Nshimiyimana.jpeg\" \/>\n\t<meta property=\"og:image:width\" content=\"694\" \/>\n\t<meta property=\"og:image:height\" content=\"982\" \/>\n\t<meta property=\"og:image:type\" content=\"image\/jpeg\" \/>\n<meta name=\"author\" content=\"CILAB FFAB\" \/>\n<meta name=\"twitter:card\" content=\"summary_large_image\" \/>\n<meta name=\"twitter:label1\" content=\"\u00c9crit par\" \/>\n\t<meta name=\"twitter:data1\" content=\"CILAB FFAB\" \/>\n\t<meta name=\"twitter:label2\" content=\"Dur\u00e9e de lecture estim\u00e9e\" \/>\n\t<meta name=\"twitter:data2\" content=\"1 minute\" \/>\n<script type=\"application\/ld+json\" class=\"yoast-schema-graph\">{\"@context\":\"https:\/\/schema.org\",\"@graph\":[{\"@type\":\"Article\",\"@id\":\"https:\/\/www.aikido-ffab-ra.org\/?p=4246#article\",\"isPartOf\":{\"@id\":\"https:\/\/www.aikido-ffab-ra.org\/?p=4246\"},\"author\":{\"name\":\"CILAB FFAB\",\"@id\":\"https:\/\/www.aikido-ffab-ra.org\/#\/schema\/person\/2e632fb129db4dc790a8f2ee37bfda73\"},\"headline\":\"Stage A\u00efkido Tous niveaux &#8211; 04\/05\/2024\",\"datePublished\":\"2024-04-21T19:58:28+00:00\",\"dateModified\":\"2024-07-30T19:19:41+00:00\",\"mainEntityOfPage\":{\"@id\":\"https:\/\/www.aikido-ffab-ra.org\/?p=4246\"},\"wordCount\":56,\"commentCount\":0,\"publisher\":{\"@id\":\"https:\/\/www.aikido-ffab-ra.org\/#organization\"},\"articleSection\":[\"Stages\"],\"inLanguage\":\"fr-FR\",\"potentialAction\":[{\"@type\":\"CommentAction\",\"name\":\"Comment\",\"target\":[\"https:\/\/www.aikido-ffab-ra.org\/?p=4246#respond\"]}]},{\"@type\":\"WebPage\",\"@id\":\"https:\/\/www.aikido-ffab-ra.org\/?p=4246\",\"url\":\"https:\/\/www.aikido-ffab-ra.org\/?p=4246\",\"name\":\"Stage A\u00efkido Tous niveaux - 04\/05\/2024 - CILAB\",\"isPartOf\":{\"@id\":\"https:\/\/www.aikido-ffab-ra.org\/#website\"},\"datePublished\":\"2024-04-21T19:58:28+00:00\",\"dateModified\":\"2024-07-30T19:19:41+00:00\",\"description\":\"Le CILAB organise un stage Tous niveaux, ouverts \u00e0 tous, anim\u00e9 par deux enseignants de la commission technique du CILAB Samedi 04 mai 2024 De 9h30 \u00e0 12h00\",\"breadcrumb\":{\"@id\":\"https:\/\/www.aikido-ffab-ra.org\/?p=4246#breadcrumb\"},\"inLanguage\":\"fr-FR\",\"potentialAction\":[{\"@type\":\"ReadAction\",\"target\":[\"https:\/\/www.aikido-ffab-ra.org\/?p=4246\"]}]},{\"@type\":\"BreadcrumbList\",\"@id\":\"https:\/\/www.aikido-ffab-ra.org\/?p=4246#breadcrumb\",\"itemListElement\":[{\"@type\":\"ListItem\",\"position\":1,\"name\":\"Accueil\",\"item\":\"https:\/\/www.aikido-ffab-ra.org\/\"},{\"@type\":\"ListItem\",\"position\":2,\"name\":\"Stages\",\"item\":\"https:\/\/www.aikido-ffab-ra.org\/?cat=37\"},{\"@type\":\"ListItem\",\"position\":3,\"name\":\"Stage A\u00efkido Tous niveaux &#8211; 04\/05\/2024\"}]},{\"@type\":\"WebSite\",\"@id\":\"https:\/\/www.aikido-ffab-ra.org\/#website\",\"url\":\"https:\/\/www.aikido-ffab-ra.org\/\",\"name\":\"CILAB\",\"description\":\"\",\"publisher\":{\"@id\":\"https:\/\/www.aikido-ffab-ra.org\/#organization\"},\"potentialAction\":[{\"@type\":\"SearchAction\",\"target\":{\"@type\":\"EntryPoint\",\"urlTemplate\":\"https:\/\/www.aikido-ffab-ra.org\/?s={search_term_string}\"},\"query-input\":\"required name=search_term_string\"}],\"inLanguage\":\"fr-FR\"},{\"@type\":\"Organization\",\"@id\":\"https:\/\/www.aikido-ffab-ra.org\/#organization\",\"name\":\"CILAB\",\"url\":\"https:\/\/www.aikido-ffab-ra.org\/\",\"sameAs\":[\"https:\/\/www.instagram.com\/cilab.aikido\/\",\"https:\/\/www.youtube.com\/channel\/UCt35Eapug9SYepppTidRLbA?app=desktop\",\"https:\/\/www.facebook.com\/aikido.cilab.7\"],\"logo\":{\"@type\":\"ImageObject\",\"inLanguage\":\"fr-FR\",\"@id\":\"https:\/\/www.aikido-ffab-ra.org\/#\/schema\/logo\/image\/\",\"url\":\"https:\/\/www.aikido-ffab-ra.org\/wp-content\/uploads\/2021\/03\/Logo-cilab.png\",\"contentUrl\":\"https:\/\/www.aikido-ffab-ra.org\/wp-content\/uploads\/2021\/03\/Logo-cilab.png\",\"width\":99,\"height\":100,\"caption\":\"CILAB\"},\"image\":{\"@id\":\"https:\/\/www.aikido-ffab-ra.org\/#\/schema\/logo\/image\/\"}},{\"@type\":\"Person\",\"@id\":\"https:\/\/www.aikido-ffab-ra.org\/#\/schema\/person\/2e632fb129db4dc790a8f2ee37bfda73\",\"name\":\"CILAB FFAB\",\"image\":{\"@type\":\"ImageObject\",\"inLanguage\":\"fr-FR\",\"@id\":\"https:\/\/www.aikido-ffab-ra.org\/#\/schema\/person\/image\/\",\"url\":\"https:\/\/secure.gravatar.com\/avatar\/4819e8da7a8cec51602dd58961a959bccd8ee02ef786afeae67e12aa2acf36e8?s=96&d=mm&r=g\",\"contentUrl\":\"https:\/\/secure.gravatar.com\/avatar\/4819e8da7a8cec51602dd58961a959bccd8ee02ef786afeae67e12aa2acf36e8?s=96&d=mm&r=g\",\"caption\":\"CILAB FFAB\"}}]}<\/script>\n<!-- \/ Yoast SEO plugin. -->","yoast_head_json":{"title":"Stage A\u00efkido Tous niveaux - 04\/05\/2024 - CILAB","description":"Le CILAB organise un stage Tous niveaux, ouverts \u00e0 tous, anim\u00e9 par deux enseignants de la commission technique du CILAB Samedi 04 mai 2024 De 9h30 \u00e0 12h00","robots":{"index":"index","follow":"follow","max-snippet":"max-snippet:-1","max-image-preview":"max-image-preview:large","max-video-preview":"max-video-preview:-1"},"canonical":"https:\/\/www.aikido-ffab-ra.org\/?p=4246","og_locale":"fr_FR","og_type":"article","og_title":"Stage A\u00efkido Tous niveaux - 04\/05\/2024 - CILAB","og_description":"Le CILAB organise un stage Tous niveaux, ouverts \u00e0 tous, anim\u00e9 par deux enseignants de la commission technique du CILAB Samedi 04 mai 2024 De 9h30 \u00e0 12h00","og_url":"https:\/\/www.aikido-ffab-ra.org\/?p=4246","og_site_name":"CILAB","article_publisher":"https:\/\/www.facebook.com\/aikido.cilab.7","article_published_time":"2024-04-21T19:58:28+00:00","article_modified_time":"2024-07-30T19:19:41+00:00","og_image":[{"width":694,"height":982,"url":"https:\/\/www.aikido-ffab-ra.org\/wp-content\/uploads\/stages\/stage-aikido-tous-niveaux-04-05-2024\/2024-05-04-Stage-AIKIDO-tous-niveaux-Chatillon-Seguin-Wycliff-Nshimiyimana.jpeg","type":"image\/jpeg"}],"author":"CILAB FFAB","twitter_card":"summary_large_image","twitter_misc":{"\u00c9crit par":"CILAB FFAB","Dur\u00e9e de lecture estim\u00e9e":"1 minute"},"schema":{"@context":"https:\/\/schema.org","@graph":[{"@type":"Article","@id":"https:\/\/www.aikido-ffab-ra.org\/?p=4246#article","isPartOf":{"@id":"https:\/\/www.aikido-ffab-ra.org\/?p=4246"},"author":{"name":"CILAB FFAB","@id":"https:\/\/www.aikido-ffab-ra.org\/#\/schema\/person\/2e632fb129db4dc790a8f2ee37bfda73"},"headline":"Stage A\u00efkido Tous niveaux &#8211; 04\/05\/2024","datePublished":"2024-04-21T19:58:28+00:00","dateModified":"2024-07-30T19:19:41+00:00","mainEntityOfPage":{"@id":"https:\/\/www.aikido-ffab-ra.org\/?p=4246"},"wordCount":56,"commentCount":0,"publisher":{"@id":"https:\/\/www.aikido-ffab-ra.org\/#organization"},"articleSection":["Stages"],"inLanguage":"fr-FR","potentialAction":[{"@type":"CommentAction","name":"Comment","target":["https:\/\/www.aikido-ffab-ra.org\/?p=4246#respond"]}]},{"@type":"WebPage","@id":"https:\/\/www.aikido-ffab-ra.org\/?p=4246","url":"https:\/\/www.aikido-ffab-ra.org\/?p=4246","name":"Stage A\u00efkido Tous niveaux - 04\/05\/2024 - CILAB","isPartOf":{"@id":"https:\/\/www.aikido-ffab-ra.org\/#website"},"datePublished":"2024-04-21T19:58:28+00:00","dateModified":"2024-07-30T19:19:41+00:00","description":"Le CILAB organise un stage Tous niveaux, ouverts \u00e0 tous, anim\u00e9 par deux enseignants de la commission technique du CILAB Samedi 04 mai 2024 De 9h30 \u00e0 12h00","breadcrumb":{"@id":"https:\/\/www.aikido-ffab-ra.org\/?p=4246#breadcrumb"},"inLanguage":"fr-FR","potentialAction":[{"@type":"ReadAction","target":["https:\/\/www.aikido-ffab-ra.org\/?p=4246"]}]},{"@type":"BreadcrumbList","@id":"https:\/\/www.aikido-ffab-ra.org\/?p=4246#breadcrumb","itemListElement":[{"@type":"ListItem","position":1,"name":"Accueil","item":"https:\/\/www.aikido-ffab-ra.org\/"},{"@type":"ListItem","position":2,"name":"Stages","item":"https:\/\/www.aikido-ffab-ra.org\/?cat=37"},{"@type":"ListItem","position":3,"name":"Stage A\u00efkido Tous niveaux &#8211; 04\/05\/2024"}]},{"@type":"WebSite","@id":"https:\/\/www.aikido-ffab-ra.org\/#website","url":"https:\/\/www.aikido-ffab-ra.org\/","name":"CILAB","description":"","publisher":{"@id":"https:\/\/www.aikido-ffab-ra.org\/#organization"},"potentialAction":[{"@type":"SearchAction","target":{"@type":"EntryPoint","urlTemplate":"https:\/\/www.aikido-ffab-ra.org\/?s={search_term_string}"},"query-input":"required name=search_term_string"}],"inLanguage":"fr-FR"},{"@type":"Organization","@id":"https:\/\/www.aikido-ffab-ra.org\/#organization","name":"CILAB","url":"https:\/\/www.aikido-ffab-ra.org\/","sameAs":["https:\/\/www.instagram.com\/cilab.aikido\/","https:\/\/www.youtube.com\/channel\/UCt35Eapug9SYepppTidRLbA?app=desktop","https:\/\/www.facebook.com\/aikido.cilab.7"],"logo":{"@type":"ImageObject","inLanguage":"fr-FR","@id":"https:\/\/www.aikido-ffab-ra.org\/#\/schema\/logo\/image\/","url":"https:\/\/www.aikido-ffab-ra.org\/wp-content\/uploads\/2021\/03\/Logo-cilab.png","contentUrl":"https:\/\/www.aikido-ffab-ra.org\/wp-content\/uploads\/2021\/03\/Logo-cilab.png","width":99,"height":100,"caption":"CILAB"},"image":{"@id":"https:\/\/www.aikido-ffab-ra.org\/#\/schema\/logo\/image\/"}},{"@type":"Person","@id":"https:\/\/www.aikido-ffab-ra.org\/#\/schema\/person\/2e632fb129db4dc790a8f2ee37bfda73","name":"CILAB FFAB","image":{"@type":"ImageObject","inLanguage":"fr-FR","@id":"https:\/\/www.aikido-ffab-ra.org\/#\/schema\/person\/image\/","url":"https:\/\/secure.gravatar.com\/avatar\/4819e8da7a8cec51602dd58961a959bccd8ee02ef786afeae67e12aa2acf36e8?s=96&d=mm&r=g","contentUrl":"https:\/\/secure.gravatar.com\/avatar\/4819e8da7a8cec51602dd58961a959bccd8ee02ef786afeae67e12aa2acf36e8?s=96&d=mm&r=g","caption":"CILAB FFAB"}}]}},"_links":{"self":[{"href":"https:\/\/www.aikido-ffab-ra.org\/index.php?rest_route=\/wp\/v2\/posts\/4246","targetHints":{"allow":["GET"]}}],"collection":[{"href":"https:\/\/www.aikido-ffab-ra.org\/index.php?rest_route=\/wp\/v2\/posts"}],"about":[{"href":"https:\/\/www.aikido-ffab-ra.org\/index.php?rest_route=\/wp\/v2\/types\/post"}],"author":[{"embeddable":true,"href":"https:\/\/www.aikido-ffab-ra.org\/index.php?rest_route=\/wp\/v2\/users\/3"}],"replies":[{"embeddable":true,"href":"https:\/\/www.aikido-ffab-ra.org\/index.php?rest_route=%2Fwp%2Fv2%2Fcomments&post=4246"}],"version-history":[{"count":5,"href":"https:\/\/www.aikido-ffab-ra.org\/index.php?rest_route=\/wp\/v2\/posts\/4246\/revisions"}],"predecessor-version":[{"id":4255,"href":"https:\/\/www.aikido-ffab-ra.org\/index.php?rest_route=\/wp\/v2\/posts\/4246\/revisions\/4255"}],"wp:featuredmedia":[{"embeddable":true,"href":"https:\/\/www.aikido-ffab-ra.org\/index.php?rest_route=\/wp\/v2\/media\/4254"}],"wp:attachment":[{"href":"https:\/\/www.aikido-ffab-ra.org\/index.php?rest_route=%2Fwp%2Fv2%2Fmedia&parent=4246"}],"wp:term":[{"taxonomy":"category","embeddable":true,"href":"https:\/\/www.aikido-ffab-ra.org\/index.php?rest_route=%2Fwp%2Fv2%2Fcategories&post=4246"},{"taxonomy":"post_tag","embeddable":true,"href":"https:\/\/www.aikido-ffab-ra.org\/index.php?rest_route=%2Fwp%2Fv2%2Ftags&post=4246"}],"curies":[{"name":"wp","href":"https:\/\/api.w.org\/{rel}","templated":true}]}}