{"id":4331,"date":"2024-10-11T17:24:54","date_gmt":"2024-10-11T15:24:54","guid":{"rendered":"https:\/\/www.aikido-ffab-ra.org\/?p=4331"},"modified":"2024-12-09T20:54:57","modified_gmt":"2024-12-09T19:54:57","slug":"ecole-des-cadres-preparation-1-2-dan-20-10-2024","status":"publish","type":"post","link":"https:\/\/www.aikido-ffab-ra.org\/?p=4331","title":{"rendered":"Ecole des cadres &#8211; Pr\u00e9paration 1 &#038; 2 DAN &#8211; 20\/10\/2024"},"content":{"rendered":"<p>Cette \u00e9cole des cadres, sur le th\u00e8me \u00ab\u00a0Pr\u00e9paration 1 &amp; 2 DAN\u00a0\u00bb est ouverte aux pratiquants qui souhaitent pr\u00e9parer un grade prochainement ou plus tard, mais <strong>cette EDC est aussi ouverte aux enseignants<\/strong> qui pr\u00e9parent les pratiquants aux examens &#8230;<\/p>\n<ul>\n<li><strong>Dimanche 20 octobre 2024<\/strong><\/li>\n<li>De 9h00 \u00e0 12h00.<\/li>\n<li><a href=\"https:\/\/www.aikido-club-beaujolais.net\">Dojo municipal de Villefranche s\/sa\u00f4ne &#8211; Plais des sports &#8211; Rue Auguiot &#8211; 69400 VILLEFRANCHE s\/sa\u00f4ne<\/a><\/li>\n<li>Anim\u00e9 par\u00a0Francis Quinchon &amp; Didier Broyer<\/li>\n<\/ul>\n<p><img loading=\"lazy\" decoding=\"async\" class=\"alignnone size-full wp-image-4332\" src=\"https:\/\/www.aikido-ffab-ra.org\/wp-content\/uploads\/stages\/ecole-des-cadres-preparation-1-2-dan-20-10-2024\/2024-10-20_EDC-Prepa-Dan-Villefranche-Quinchon-Broyer.jpg\" alt=\"\" width=\"694\" height=\"982\" srcset=\"https:\/\/www.aikido-ffab-ra.org\/wp-content\/uploads\/stages\/ecole-des-cadres-preparation-1-2-dan-20-10-2024\/2024-10-20_EDC-Prepa-Dan-Villefranche-Quinchon-Broyer.jpg 694w, https:\/\/www.aikido-ffab-ra.org\/wp-content\/uploads\/stages\/ecole-des-cadres-preparation-1-2-dan-20-10-2024\/2024-10-20_EDC-Prepa-Dan-Villefranche-Quinchon-Broyer-450x637.jpg 450w\" sizes=\"auto, (max-width: 694px) 100vw, 694px\" \/><\/p>\n","protected":false},"excerpt":{"rendered":"<p>Cette \u00e9cole des cadres, sur le th\u00e8me \u00ab\u00a0Pr\u00e9paration 1 &amp; 2 DAN\u00a0\u00bb est ouverte aux pratiquants qui souhaitent pr\u00e9parer un grade prochainement ou plus tard, mais cette EDC est aussi ouverte aux enseignants qui pr\u00e9parent les pratiquants aux examens &#8230; Dimanche 20 octobre 2024 De 9h00 \u00e0 12h00. Dojo municipal de Villefranche s\/sa\u00f4ne &#8211; Plais [&hellip;]<\/p>\n","protected":false},"author":3,"featured_media":4332,"comment_status":"open","ping_status":"open","sticky":false,"template":"","format":"standard","meta":{"footnotes":""},"categories":[37],"tags":[],"class_list":["post-4331","post","type-post","status-publish","format-standard","has-post-thumbnail","hentry","category-stages","entry","has-media"],"yoast_head":"<!-- This site is optimized with the Yoast SEO plugin v19.7.1 - https:\/\/yoast.com\/wordpress\/plugins\/seo\/ -->\n<title>Ecole des cadres - Pr\u00e9paration 1 &amp; 2 DAN - 20\/10\/2024 - CILAB<\/title>\n<meta name=\"description\" content=\"Cette \u00e9cole des cadres, sur le th\u00e8me &quot;Pr\u00e9paration 1 &amp; 2 DAN&quot; est ouverte aux pratiquants qui souhaitent pr\u00e9parer un grade prochainement ou plus tard,\" \/>\n<meta name=\"robots\" content=\"index, follow, max-snippet:-1, max-image-preview:large, max-video-preview:-1\" \/>\n<link rel=\"canonical\" href=\"https:\/\/www.aikido-ffab-ra.org\/?p=4331\" \/>\n<meta property=\"og:locale\" content=\"fr_FR\" \/>\n<meta property=\"og:type\" content=\"article\" \/>\n<meta property=\"og:title\" content=\"Ecole des cadres - Pr\u00e9paration 1 &amp; 2 DAN - 20\/10\/2024 - CILAB\" \/>\n<meta property=\"og:description\" content=\"Cette \u00e9cole des cadres, sur le th\u00e8me &quot;Pr\u00e9paration 1 &amp; 2 DAN&quot; est ouverte aux pratiquants qui souhaitent pr\u00e9parer un grade prochainement ou plus tard,\" \/>\n<meta property=\"og:url\" content=\"https:\/\/www.aikido-ffab-ra.org\/?p=4331\" \/>\n<meta property=\"og:site_name\" content=\"CILAB\" \/>\n<meta property=\"article:publisher\" content=\"https:\/\/www.facebook.com\/aikido.cilab.7\" \/>\n<meta property=\"article:published_time\" content=\"2024-10-11T15:24:54+00:00\" \/>\n<meta property=\"article:modified_time\" content=\"2024-12-09T19:54:57+00:00\" \/>\n<meta property=\"og:image\" content=\"https:\/\/www.aikido-ffab-ra.org\/wp-content\/uploads\/stages\/ecole-des-cadres-preparation-1-2-dan-20-10-2024\/2024-10-20_EDC-Prepa-Dan-Villefranche-Quinchon-Broyer.jpg\" \/>\n\t<meta property=\"og:image:width\" content=\"694\" \/>\n\t<meta property=\"og:image:height\" content=\"982\" \/>\n\t<meta property=\"og:image:type\" content=\"image\/jpeg\" \/>\n<meta name=\"author\" content=\"CILAB FFAB\" \/>\n<meta name=\"twitter:card\" content=\"summary_large_image\" \/>\n<meta name=\"twitter:label1\" content=\"\u00c9crit par\" \/>\n\t<meta name=\"twitter:data1\" content=\"CILAB FFAB\" \/>\n\t<meta name=\"twitter:label2\" content=\"Dur\u00e9e de lecture estim\u00e9e\" \/>\n\t<meta name=\"twitter:data2\" content=\"1 minute\" \/>\n<script type=\"application\/ld+json\" class=\"yoast-schema-graph\">{\"@context\":\"https:\/\/schema.org\",\"@graph\":[{\"@type\":\"Article\",\"@id\":\"https:\/\/www.aikido-ffab-ra.org\/?p=4331#article\",\"isPartOf\":{\"@id\":\"https:\/\/www.aikido-ffab-ra.org\/?p=4331\"},\"author\":{\"name\":\"CILAB FFAB\",\"@id\":\"https:\/\/www.aikido-ffab-ra.org\/#\/schema\/person\/2e632fb129db4dc790a8f2ee37bfda73\"},\"headline\":\"Ecole des cadres &#8211; Pr\u00e9paration 1 &#038; 2 DAN &#8211; 20\/10\/2024\",\"datePublished\":\"2024-10-11T15:24:54+00:00\",\"dateModified\":\"2024-12-09T19:54:57+00:00\",\"mainEntityOfPage\":{\"@id\":\"https:\/\/www.aikido-ffab-ra.org\/?p=4331\"},\"wordCount\":80,\"commentCount\":0,\"publisher\":{\"@id\":\"https:\/\/www.aikido-ffab-ra.org\/#organization\"},\"articleSection\":[\"Stages\"],\"inLanguage\":\"fr-FR\",\"potentialAction\":[{\"@type\":\"CommentAction\",\"name\":\"Comment\",\"target\":[\"https:\/\/www.aikido-ffab-ra.org\/?p=4331#respond\"]}]},{\"@type\":\"WebPage\",\"@id\":\"https:\/\/www.aikido-ffab-ra.org\/?p=4331\",\"url\":\"https:\/\/www.aikido-ffab-ra.org\/?p=4331\",\"name\":\"Ecole des cadres - Pr\u00e9paration 1 & 2 DAN - 20\/10\/2024 - CILAB\",\"isPartOf\":{\"@id\":\"https:\/\/www.aikido-ffab-ra.org\/#website\"},\"datePublished\":\"2024-10-11T15:24:54+00:00\",\"dateModified\":\"2024-12-09T19:54:57+00:00\",\"description\":\"Cette \u00e9cole des cadres, sur le th\u00e8me \\\"Pr\u00e9paration 1 &amp; 2 DAN\\\" est ouverte aux pratiquants qui souhaitent pr\u00e9parer un grade prochainement ou plus tard,\",\"breadcrumb\":{\"@id\":\"https:\/\/www.aikido-ffab-ra.org\/?p=4331#breadcrumb\"},\"inLanguage\":\"fr-FR\",\"potentialAction\":[{\"@type\":\"ReadAction\",\"target\":[\"https:\/\/www.aikido-ffab-ra.org\/?p=4331\"]}]},{\"@type\":\"BreadcrumbList\",\"@id\":\"https:\/\/www.aikido-ffab-ra.org\/?p=4331#breadcrumb\",\"itemListElement\":[{\"@type\":\"ListItem\",\"position\":1,\"name\":\"Accueil\",\"item\":\"https:\/\/www.aikido-ffab-ra.org\/\"},{\"@type\":\"ListItem\",\"position\":2,\"name\":\"Stages\",\"item\":\"https:\/\/www.aikido-ffab-ra.org\/?cat=37\"},{\"@type\":\"ListItem\",\"position\":3,\"name\":\"Ecole des cadres &#8211; Pr\u00e9paration 1 &#038; 2 DAN &#8211; 20\/10\/2024\"}]},{\"@type\":\"WebSite\",\"@id\":\"https:\/\/www.aikido-ffab-ra.org\/#website\",\"url\":\"https:\/\/www.aikido-ffab-ra.org\/\",\"name\":\"CILAB\",\"description\":\"\",\"publisher\":{\"@id\":\"https:\/\/www.aikido-ffab-ra.org\/#organization\"},\"potentialAction\":[{\"@type\":\"SearchAction\",\"target\":{\"@type\":\"EntryPoint\",\"urlTemplate\":\"https:\/\/www.aikido-ffab-ra.org\/?s={search_term_string}\"},\"query-input\":\"required name=search_term_string\"}],\"inLanguage\":\"fr-FR\"},{\"@type\":\"Organization\",\"@id\":\"https:\/\/www.aikido-ffab-ra.org\/#organization\",\"name\":\"CILAB\",\"url\":\"https:\/\/www.aikido-ffab-ra.org\/\",\"sameAs\":[\"https:\/\/www.instagram.com\/cilab.aikido\/\",\"https:\/\/www.youtube.com\/channel\/UCt35Eapug9SYepppTidRLbA?app=desktop\",\"https:\/\/www.facebook.com\/aikido.cilab.7\"],\"logo\":{\"@type\":\"ImageObject\",\"inLanguage\":\"fr-FR\",\"@id\":\"https:\/\/www.aikido-ffab-ra.org\/#\/schema\/logo\/image\/\",\"url\":\"https:\/\/www.aikido-ffab-ra.org\/wp-content\/uploads\/2021\/03\/Logo-cilab.png\",\"contentUrl\":\"https:\/\/www.aikido-ffab-ra.org\/wp-content\/uploads\/2021\/03\/Logo-cilab.png\",\"width\":99,\"height\":100,\"caption\":\"CILAB\"},\"image\":{\"@id\":\"https:\/\/www.aikido-ffab-ra.org\/#\/schema\/logo\/image\/\"}},{\"@type\":\"Person\",\"@id\":\"https:\/\/www.aikido-ffab-ra.org\/#\/schema\/person\/2e632fb129db4dc790a8f2ee37bfda73\",\"name\":\"CILAB FFAB\",\"image\":{\"@type\":\"ImageObject\",\"inLanguage\":\"fr-FR\",\"@id\":\"https:\/\/www.aikido-ffab-ra.org\/#\/schema\/person\/image\/\",\"url\":\"https:\/\/secure.gravatar.com\/avatar\/4819e8da7a8cec51602dd58961a959bccd8ee02ef786afeae67e12aa2acf36e8?s=96&d=mm&r=g\",\"contentUrl\":\"https:\/\/secure.gravatar.com\/avatar\/4819e8da7a8cec51602dd58961a959bccd8ee02ef786afeae67e12aa2acf36e8?s=96&d=mm&r=g\",\"caption\":\"CILAB FFAB\"}}]}<\/script>\n<!-- \/ Yoast SEO plugin. -->","yoast_head_json":{"title":"Ecole des cadres - Pr\u00e9paration 1 & 2 DAN - 20\/10\/2024 - CILAB","description":"Cette \u00e9cole des cadres, sur le th\u00e8me \"Pr\u00e9paration 1 &amp; 2 DAN\" est ouverte aux pratiquants qui souhaitent pr\u00e9parer un grade prochainement ou plus tard,","robots":{"index":"index","follow":"follow","max-snippet":"max-snippet:-1","max-image-preview":"max-image-preview:large","max-video-preview":"max-video-preview:-1"},"canonical":"https:\/\/www.aikido-ffab-ra.org\/?p=4331","og_locale":"fr_FR","og_type":"article","og_title":"Ecole des cadres - Pr\u00e9paration 1 & 2 DAN - 20\/10\/2024 - CILAB","og_description":"Cette \u00e9cole des cadres, sur le th\u00e8me \"Pr\u00e9paration 1 &amp; 2 DAN\" est ouverte aux pratiquants qui souhaitent pr\u00e9parer un grade prochainement ou plus tard,","og_url":"https:\/\/www.aikido-ffab-ra.org\/?p=4331","og_site_name":"CILAB","article_publisher":"https:\/\/www.facebook.com\/aikido.cilab.7","article_published_time":"2024-10-11T15:24:54+00:00","article_modified_time":"2024-12-09T19:54:57+00:00","og_image":[{"width":694,"height":982,"url":"https:\/\/www.aikido-ffab-ra.org\/wp-content\/uploads\/stages\/ecole-des-cadres-preparation-1-2-dan-20-10-2024\/2024-10-20_EDC-Prepa-Dan-Villefranche-Quinchon-Broyer.jpg","type":"image\/jpeg"}],"author":"CILAB FFAB","twitter_card":"summary_large_image","twitter_misc":{"\u00c9crit par":"CILAB FFAB","Dur\u00e9e de lecture estim\u00e9e":"1 minute"},"schema":{"@context":"https:\/\/schema.org","@graph":[{"@type":"Article","@id":"https:\/\/www.aikido-ffab-ra.org\/?p=4331#article","isPartOf":{"@id":"https:\/\/www.aikido-ffab-ra.org\/?p=4331"},"author":{"name":"CILAB FFAB","@id":"https:\/\/www.aikido-ffab-ra.org\/#\/schema\/person\/2e632fb129db4dc790a8f2ee37bfda73"},"headline":"Ecole des cadres &#8211; Pr\u00e9paration 1 &#038; 2 DAN &#8211; 20\/10\/2024","datePublished":"2024-10-11T15:24:54+00:00","dateModified":"2024-12-09T19:54:57+00:00","mainEntityOfPage":{"@id":"https:\/\/www.aikido-ffab-ra.org\/?p=4331"},"wordCount":80,"commentCount":0,"publisher":{"@id":"https:\/\/www.aikido-ffab-ra.org\/#organization"},"articleSection":["Stages"],"inLanguage":"fr-FR","potentialAction":[{"@type":"CommentAction","name":"Comment","target":["https:\/\/www.aikido-ffab-ra.org\/?p=4331#respond"]}]},{"@type":"WebPage","@id":"https:\/\/www.aikido-ffab-ra.org\/?p=4331","url":"https:\/\/www.aikido-ffab-ra.org\/?p=4331","name":"Ecole des cadres - Pr\u00e9paration 1 & 2 DAN - 20\/10\/2024 - CILAB","isPartOf":{"@id":"https:\/\/www.aikido-ffab-ra.org\/#website"},"datePublished":"2024-10-11T15:24:54+00:00","dateModified":"2024-12-09T19:54:57+00:00","description":"Cette \u00e9cole des cadres, sur le th\u00e8me \"Pr\u00e9paration 1 &amp; 2 DAN\" est ouverte aux pratiquants qui souhaitent pr\u00e9parer un grade prochainement ou plus tard,","breadcrumb":{"@id":"https:\/\/www.aikido-ffab-ra.org\/?p=4331#breadcrumb"},"inLanguage":"fr-FR","potentialAction":[{"@type":"ReadAction","target":["https:\/\/www.aikido-ffab-ra.org\/?p=4331"]}]},{"@type":"BreadcrumbList","@id":"https:\/\/www.aikido-ffab-ra.org\/?p=4331#breadcrumb","itemListElement":[{"@type":"ListItem","position":1,"name":"Accueil","item":"https:\/\/www.aikido-ffab-ra.org\/"},{"@type":"ListItem","position":2,"name":"Stages","item":"https:\/\/www.aikido-ffab-ra.org\/?cat=37"},{"@type":"ListItem","position":3,"name":"Ecole des cadres &#8211; Pr\u00e9paration 1 &#038; 2 DAN &#8211; 20\/10\/2024"}]},{"@type":"WebSite","@id":"https:\/\/www.aikido-ffab-ra.org\/#website","url":"https:\/\/www.aikido-ffab-ra.org\/","name":"CILAB","description":"","publisher":{"@id":"https:\/\/www.aikido-ffab-ra.org\/#organization"},"potentialAction":[{"@type":"SearchAction","target":{"@type":"EntryPoint","urlTemplate":"https:\/\/www.aikido-ffab-ra.org\/?s={search_term_string}"},"query-input":"required name=search_term_string"}],"inLanguage":"fr-FR"},{"@type":"Organization","@id":"https:\/\/www.aikido-ffab-ra.org\/#organization","name":"CILAB","url":"https:\/\/www.aikido-ffab-ra.org\/","sameAs":["https:\/\/www.instagram.com\/cilab.aikido\/","https:\/\/www.youtube.com\/channel\/UCt35Eapug9SYepppTidRLbA?app=desktop","https:\/\/www.facebook.com\/aikido.cilab.7"],"logo":{"@type":"ImageObject","inLanguage":"fr-FR","@id":"https:\/\/www.aikido-ffab-ra.org\/#\/schema\/logo\/image\/","url":"https:\/\/www.aikido-ffab-ra.org\/wp-content\/uploads\/2021\/03\/Logo-cilab.png","contentUrl":"https:\/\/www.aikido-ffab-ra.org\/wp-content\/uploads\/2021\/03\/Logo-cilab.png","width":99,"height":100,"caption":"CILAB"},"image":{"@id":"https:\/\/www.aikido-ffab-ra.org\/#\/schema\/logo\/image\/"}},{"@type":"Person","@id":"https:\/\/www.aikido-ffab-ra.org\/#\/schema\/person\/2e632fb129db4dc790a8f2ee37bfda73","name":"CILAB FFAB","image":{"@type":"ImageObject","inLanguage":"fr-FR","@id":"https:\/\/www.aikido-ffab-ra.org\/#\/schema\/person\/image\/","url":"https:\/\/secure.gravatar.com\/avatar\/4819e8da7a8cec51602dd58961a959bccd8ee02ef786afeae67e12aa2acf36e8?s=96&d=mm&r=g","contentUrl":"https:\/\/secure.gravatar.com\/avatar\/4819e8da7a8cec51602dd58961a959bccd8ee02ef786afeae67e12aa2acf36e8?s=96&d=mm&r=g","caption":"CILAB FFAB"}}]}},"_links":{"self":[{"href":"https:\/\/www.aikido-ffab-ra.org\/index.php?rest_route=\/wp\/v2\/posts\/4331","targetHints":{"allow":["GET"]}}],"collection":[{"href":"https:\/\/www.aikido-ffab-ra.org\/index.php?rest_route=\/wp\/v2\/posts"}],"about":[{"href":"https:\/\/www.aikido-ffab-ra.org\/index.php?rest_route=\/wp\/v2\/types\/post"}],"author":[{"embeddable":true,"href":"https:\/\/www.aikido-ffab-ra.org\/index.php?rest_route=\/wp\/v2\/users\/3"}],"replies":[{"embeddable":true,"href":"https:\/\/www.aikido-ffab-ra.org\/index.php?rest_route=%2Fwp%2Fv2%2Fcomments&post=4331"}],"version-history":[{"count":1,"href":"https:\/\/www.aikido-ffab-ra.org\/index.php?rest_route=\/wp\/v2\/posts\/4331\/revisions"}],"predecessor-version":[{"id":4333,"href":"https:\/\/www.aikido-ffab-ra.org\/index.php?rest_route=\/wp\/v2\/posts\/4331\/revisions\/4333"}],"wp:featuredmedia":[{"embeddable":true,"href":"https:\/\/www.aikido-ffab-ra.org\/index.php?rest_route=\/wp\/v2\/media\/4332"}],"wp:attachment":[{"href":"https:\/\/www.aikido-ffab-ra.org\/index.php?rest_route=%2Fwp%2Fv2%2Fmedia&parent=4331"}],"wp:term":[{"taxonomy":"category","embeddable":true,"href":"https:\/\/www.aikido-ffab-ra.org\/index.php?rest_route=%2Fwp%2Fv2%2Fcategories&post=4331"},{"taxonomy":"post_tag","embeddable":true,"href":"https:\/\/www.aikido-ffab-ra.org\/index.php?rest_route=%2Fwp%2Fv2%2Ftags&post=4331"}],"curies":[{"name":"wp","href":"https:\/\/api.w.org\/{rel}","templated":true}]}}